{"result_html":"\n<div class=\"container layer-category\">\n    <div class=\"layered-navigation-block\"><\/div> \n    <div class=\"ajax-loader\">\n        <img src=\"\" alt=\"\" \/>\n    <\/div>\n    <ul class=\"breadcrumb\">\n            <\/ul>\n    <div class=\"row\"><div class=\"col-order\">\n                                    <div id=\"content\" class=\"col-sm-12\">\n\t\t\t<h1 class=\"category-name\"><\/h1>\n\t\t\t<div class=\"category-info\">\n            \t\t\t<\/div>\n                        <div class=\"custom-category\">\n                                <div><a href=\"https:\/\/cskotomotiv.com\/index.php?route=product\/compare\" id=\"compare-total\">\u00dcr\u00fcn Kar\u015f\u0131la\u015ft\u0131r (0)<\/a><\/div>\n\t\t\t\t<div class=\"toolbar toolbar-products toolbar-top\">\n\t\t\t\t\t<div class=\"modes\">\n\t\t\t\t\t\t<div class=\"btn-group\">\n\t\t\t\t\t\t\t<button type=\"button\" id=\"grid-view\" class=\"btn\"><i class=\"fa fa-th\"><\/i><\/button>\n\t\t\t\t\t\t\t<button type=\"button\" id=\"list-view\" class=\"btn\"><i class=\"fa fa-th-list\"><\/i><\/button>\n\t\t\t\t\t\t<\/div>\n\t\t\t\t\t<\/div>\n\t\t\t\t\t<div class=\"toolbar-amount\">\n\t\t\t\t\t\t<span>G\u00f6sterilen: 19 ile 27 aras\u0131, toplam: 96 (11 Sayfa)<\/span>\n\t\t\t\t\t<\/div>\n\t\t\t\t\t<div class=\"sorter\">\n\t\t\t\t\t\t<label>S\u0131rala:<\/label>\n\t\t\t\t\t\t<select id=\"input-sort\" class=\"form-control\" onchange=\"oclayerednavigationajax.filter(this.value)\">\n\t\t\t\t\t\t\t\t\t\t\t\t\t\t\t\t\t\t\t\t\t\t\t\t<option value=\"https:\/\/cskotomotiv.com\/index.php?route=extension\/module\/oclayerednavigation\/category&path=299&sort=p.sort_order&order=ASC\" selected=\"selected\">Varsay\u0131lan<\/option>\n\t\t\t\t\t\t\t\t\t\t\t\t\t\t\t\t\t\t\t\t\t\t\t\t\t\t\t\t\t\t\t\t<option value=\"https:\/\/cskotomotiv.com\/index.php?route=extension\/module\/oclayerednavigation\/category&path=299&sort=pd.name&order=ASC\">\u00dcr\u00fcn Ad\u0131 (A - Z)<\/option>\n\t\t\t\t\t\t\t\t\t\t\t\t\t\t\t\t\t\t\t\t\t\t\t\t\t\t\t\t\t\t\t\t<option value=\"https:\/\/cskotomotiv.com\/index.php?route=extension\/module\/oclayerednavigation\/category&path=299&sort=pd.name&order=DESC\">\u00dcr\u00fcn Ad\u0131 (Z - A)<\/option>\n\t\t\t\t\t\t\t\t\t\t\t\t\t\t\t\t\t\t\t\t\t\t\t\t\t\t\t\t\t\t\t\t<option value=\"https:\/\/cskotomotiv.com\/index.php?route=extension\/module\/oclayerednavigation\/category&path=299&sort=p.price&order=ASC\">Ucuzdan &gt; Pahal\u0131ya<\/option>\n\t\t\t\t\t\t\t\t\t\t\t\t\t\t\t\t\t\t\t\t\t\t\t\t\t\t\t\t\t\t\t\t<option value=\"https:\/\/cskotomotiv.com\/index.php?route=extension\/module\/oclayerednavigation\/category&path=299&sort=p.price&order=DESC\">Pahal\u0131dan &gt; Ucuza<\/option>\n\t\t\t\t\t\t\t\t\t\t\t\t\t\t\t\t\t\t\t\t\t\t\t\t\t\t\t\t\t\t\t\t<option value=\"https:\/\/cskotomotiv.com\/index.php?route=extension\/module\/oclayerednavigation\/category&path=299&sort=rating&order=DESC\">Y\u00fcksek Oylama<\/option>\n\t\t\t\t\t\t\t\t\t\t\t\t\t\t\t\t\t\t\t\t\t\t\t\t\t\t\t\t\t\t\t\t<option value=\"https:\/\/cskotomotiv.com\/index.php?route=extension\/module\/oclayerednavigation\/category&path=299&sort=rating&order=ASC\">D\u00fc\u015f\u00fck Oylama<\/option>\n\t\t\t\t\t\t\t\t\t\t\t\t\t\t\t\t\t\t\t\t\t\t\t\t\t\t\t\t\t\t\t\t<option value=\"https:\/\/cskotomotiv.com\/index.php?route=extension\/module\/oclayerednavigation\/category&path=299&sort=p.model&order=ASC\">\u00dcr\u00fcn Kodu (A - Z)<\/option>\n\t\t\t\t\t\t\t\t\t\t\t\t\t\t\t\t\t\t\t\t\t\t\t\t\t\t\t\t\t\t\t\t<option value=\"https:\/\/cskotomotiv.com\/index.php?route=extension\/module\/oclayerednavigation\/category&path=299&sort=p.model&order=DESC\">\u00dcr\u00fcn Kodu (Z - A)<\/option>\n\t\t\t\t\t\t\t\t\t\t\t\t\t\t\t\t\t\t\t\t\t<\/select>\n\t\t\t\t\t<\/div>\n\t\t\t\t\t\n\t\t\t\t<\/div>\n                <div class=\"custom-products\">\n                    <div class=\"row\">\n\t\t\t\t\t\t\t\t\t\t\t\t\t\t\t\t\t\t<div class=\"product-layout product-list\">\n\t\t\t\t\t\t\t<div class=\"product-thumb\">\n\t\t\t\t\t\t\t\t<div class=\"item item1\">\n\t\t\t\t\t\t\t\t\t<div class=\"item-inner\">\t\t\n\t\t\t\t\t\t\t\t\t\t<div class=\"col-image\">\n\t\t\t\t\t\t\t\t\t\t\t<div class=\"image images-container\">\n\t\t\t\t\t\t\t\t\t\t\t\t<a href=\"https:\/\/cskotomotiv.com\/kompresor?product_id=178\" class=\"product-image\">\n\t\t\t\t\t\t\t\t\t\t\t\t\t<img src=\"https:\/\/cskotomotiv.com\/image\/cache\/catalog\/Foto\/SANDEN%204002-600x600.png\" alt=\"DAF XF 105 \/ CF 85 Klima Kompres\u00f6r\u00fc 136mm 7PK 24V\" title=\"DAF XF 105 \/ CF 85 Klima Kompres\u00f6r\u00fc 136mm 7PK 24V\" class=\"img-responsive\" \/>\n\t\t\t\t\t\t\t\t\t\t\t\t\t\t\t\t\t\t\t\t\t\t\t\t\t<\/a>\n\t\t\t\t\t\t\t\t\t\t\t\t\t\t\t\t\t\t\t\t\t\t\t\t\t\t\t\t\t\t\t\t\t\t\t\t<div class=\"action-links\">\n\t\t\t\t\t\t\t\t\t\t\t\t\t<button class=\"button btn-wishlist\" type=\"button\"  title=\"Al\u0131\u015fveri\u015f Listeme Ekle\" onclick=\"wishlist.add('178');\"><span>Al\u0131\u015fveri\u015f Listeme Ekle<\/span><\/button>\n\t\t\t\t\t\t\t\t\t\t\t\t\t<button class=\"button btn-compare\" type=\"button\"  title=\"Kar\u015f\u0131la\u015ft\u0131rma listesine ekle\" onclick=\"compare.add('178');\"><span>Kar\u015f\u0131la\u015ft\u0131rma listesine ekle<\/span><\/button>\n\t\t\t\t\t\t\t\t\t\t\t\t\t<button class=\"button btn-quickview\" type=\"button\"  title=\"\" onclick=\"ocquickview.ajaxView('https:\/\/cskotomotiv.com\/kompresor?product_id=178')\"><span><\/span><\/button>\n\t\t\t\t\t\t\t\t\t\t\t\t<\/div>\n\t\t\t\t\t\t\t\t\t\t\t<\/div>\n\t\t\t\t\t\t\t\t\t\t<\/div>\n\t\t\t\t\t\t\t\t\t\t<div class=\"col-des\">\n\t\t\t\t\t\t\t\t\t\t\t<div class=\"caption\">\n\t\t\t\t\t\t\t\t\t\t\t\t\t\t\t\t\t\t\t\t\t\t\t\t<p class=\"manufacture-product\">\n\t\t\t\t\t\t\t\t\t\t\t\t\t<a href=\"https:\/\/cskotomotiv.com\/index.php?route=product\/manufacturer\/info&amp;manufacturer_id=7\">SANDEN<\/a>\n\t\t\t\t\t\t\t\t\t\t\t\t<\/p>\n\t\t\t\t\t\t\t\t\t\t\t\t          \t\t\t\t\t\t\t\t\n\t\t\t\t\t\t\t\t\t\t\t\t\t\t\t\t\t\t\t\t\t\t\t\t<h4 class=\"product-name\"><a href=\"https:\/\/cskotomotiv.com\/kompresor?product_id=178\">DAF XF 105 \/ CF 85 Klima Kompres\u00f6r\u00fc 136mm 7PK 24V<\/a><\/h4>\n\t\t\t\t\t\t\t\t\t\t\t\t\n\t\t\t\t\t\t\t\t\t\t\t\t\t\n\t\t\t\t\t\t\t\t\t\t\t\t<div class=\"price-box\">\n  <p class=\"price\">Bilgi Al\u0131n\u0131z<\/p>\n<\/div>\n\n\t\t\t\t\t\t\t\t\t\t\t\t<div class=\"product-des\">Bu klima kompres\u00f6r\u00fc, DAF marka XF 105 ve CF 85 serisi a\u011f\u0131r vas\u0131ta kamyon modelleriyle tam uyumludur. 136mm kasnak \u00e7ap\u0131, 7PK kay\u0131\u015f sistemi ve 24V \u00e7al\u0131\u015fma voltaj\u0131 ile y\u00fcksek verimlil..<\/div>\n\t\t\t\t\t\t\t\t\t\t\t\t\t\t\t\t\t\t\t\t\t\t<\/div>\n\t\t\t\t\t\t\t\t\t\t<\/div>\n\t\t\t\t\t\t\t\t\t<\/div>\n\t\t\t\t\t\t\t\t<\/div>\n\t\t\t\t\t\t\t<\/div>\n\t\t\t\t\t\t\t<script type=\"text\/javascript\">\n\t\t\t\t\t\t\t\t$(document).ready(function() {\n\t\t\t\t\t\t\t\t\t$(\".product-list .item1 .caption\").append($('.product-list .item1 .action-links'));\n\t\t\t\t\t\t\t\t\t$('#grid-view').click(function() {\n\t\t\t\t\t\t\t\t\t\t$(\".item1 .images-container\").append($('.item1 .action-links'));\n\t\t\t\t\t\t\t\t\t});\n\t\t\t\t\t\t\t\t\t$('#list-view').click(function() {\n\t\t\t\t\t\t\t\t\t\t$(\".item1 .caption\").append($('.item1 .action-links'));\n\t\t\t\t\t\t\t\t\t});\n\t\t\t\t\t\t\t\t});\n\t\t\t\t\t\t\t<\/script>\n\t\t\t\t\t\t<\/div>\n\t\t\t\t\t\t\t\t\t\t\t\t\t\t\t\t\t\t<div class=\"product-layout product-list\">\n\t\t\t\t\t\t\t<div class=\"product-thumb\">\n\t\t\t\t\t\t\t\t<div class=\"item item2\">\n\t\t\t\t\t\t\t\t\t<div class=\"item-inner\">\t\t\n\t\t\t\t\t\t\t\t\t\t<div class=\"col-image\">\n\t\t\t\t\t\t\t\t\t\t\t<div class=\"image images-container\">\n\t\t\t\t\t\t\t\t\t\t\t\t<a href=\"https:\/\/cskotomotiv.com\/kompresor?product_id=170\" class=\"product-image\">\n\t\t\t\t\t\t\t\t\t\t\t\t\t<img src=\"https:\/\/cskotomotiv.com\/image\/cache\/catalog\/Foto\/SANDEN%201822-600x600.jpg\" alt=\"Fiat Ducato - Karsan Jest Klima Kompres\u00f6r\u00fc\" title=\"Fiat Ducato - Karsan Jest Klima Kompres\u00f6r\u00fc\" class=\"img-responsive\" \/>\n\t\t\t\t\t\t\t\t\t\t\t\t\t\t\t\t\t\t\t\t\t\t\t\t\t<\/a>\n\t\t\t\t\t\t\t\t\t\t\t\t\t\t\t\t\t\t\t\t\t\t\t\t\t\t\t\t\t\t\t\t\t\t\t\t<div class=\"action-links\">\n\t\t\t\t\t\t\t\t\t\t\t\t\t<button class=\"button btn-wishlist\" type=\"button\"  title=\"Al\u0131\u015fveri\u015f Listeme Ekle\" onclick=\"wishlist.add('170');\"><span>Al\u0131\u015fveri\u015f Listeme Ekle<\/span><\/button>\n\t\t\t\t\t\t\t\t\t\t\t\t\t<button class=\"button btn-compare\" type=\"button\"  title=\"Kar\u015f\u0131la\u015ft\u0131rma listesine ekle\" onclick=\"compare.add('170');\"><span>Kar\u015f\u0131la\u015ft\u0131rma listesine ekle<\/span><\/button>\n\t\t\t\t\t\t\t\t\t\t\t\t\t<button class=\"button btn-quickview\" type=\"button\"  title=\"\" onclick=\"ocquickview.ajaxView('https:\/\/cskotomotiv.com\/kompresor?product_id=170')\"><span><\/span><\/button>\n\t\t\t\t\t\t\t\t\t\t\t\t<\/div>\n\t\t\t\t\t\t\t\t\t\t\t<\/div>\n\t\t\t\t\t\t\t\t\t\t<\/div>\n\t\t\t\t\t\t\t\t\t\t<div class=\"col-des\">\n\t\t\t\t\t\t\t\t\t\t\t<div class=\"caption\">\n\t\t\t\t\t\t\t\t\t\t\t\t\t\t\t\t\t\t\t\t\t\t\t\t<p class=\"manufacture-product\">\n\t\t\t\t\t\t\t\t\t\t\t\t\t<a href=\"https:\/\/cskotomotiv.com\/index.php?route=product\/manufacturer\/info&amp;manufacturer_id=7\">SANDEN<\/a>\n\t\t\t\t\t\t\t\t\t\t\t\t<\/p>\n\t\t\t\t\t\t\t\t\t\t\t\t          \t\t\t\t\t\t\t\t\n\t\t\t\t\t\t\t\t\t\t\t\t\t\t\t\t\t\t\t\t\t\t\t\t<h4 class=\"product-name\"><a href=\"https:\/\/cskotomotiv.com\/kompresor?product_id=170\">Fiat Ducato - Karsan Jest Klima Kompres\u00f6r\u00fc<\/a><\/h4>\n\t\t\t\t\t\t\t\t\t\t\t\t\n\t\t\t\t\t\t\t\t\t\t\t\t\t\n\t\t\t\t\t\t\t\t\t\t\t\t<div class=\"price-box\">\n  <p class=\"price\">Bilgi Al\u0131n\u0131z<\/p>\n<\/div>\n\n\t\t\t\t\t\t\t\t\t\t\t\t<div class=\"product-des\">Fiat Ducato ve Karsan Jest modelleri ile uyumlu klima kompres\u00f6r\u00fc. Y\u00fcksek performansl\u0131 so\u011futma sa\u011flayan bu par\u00e7a, ara\u00e7 klima sisteminizin verimli \u00e7al\u0131\u015fmas\u0131n\u0131 destekler. OEM kalite s..<\/div>\n\t\t\t\t\t\t\t\t\t\t\t\t\t\t\t\t\t\t\t\t\t\t<\/div>\n\t\t\t\t\t\t\t\t\t\t<\/div>\n\t\t\t\t\t\t\t\t\t<\/div>\n\t\t\t\t\t\t\t\t<\/div>\n\t\t\t\t\t\t\t<\/div>\n\t\t\t\t\t\t\t<script type=\"text\/javascript\">\n\t\t\t\t\t\t\t\t$(document).ready(function() {\n\t\t\t\t\t\t\t\t\t$(\".product-list .item2 .caption\").append($('.product-list .item2 .action-links'));\n\t\t\t\t\t\t\t\t\t$('#grid-view').click(function() {\n\t\t\t\t\t\t\t\t\t\t$(\".item2 .images-container\").append($('.item2 .action-links'));\n\t\t\t\t\t\t\t\t\t});\n\t\t\t\t\t\t\t\t\t$('#list-view').click(function() {\n\t\t\t\t\t\t\t\t\t\t$(\".item2 .caption\").append($('.item2 .action-links'));\n\t\t\t\t\t\t\t\t\t});\n\t\t\t\t\t\t\t\t});\n\t\t\t\t\t\t\t<\/script>\n\t\t\t\t\t\t<\/div>\n\t\t\t\t\t\t\t\t\t\t\t\t\t\t\t\t\t\t<div class=\"product-layout product-list\">\n\t\t\t\t\t\t\t<div class=\"product-thumb\">\n\t\t\t\t\t\t\t\t<div class=\"item item3\">\n\t\t\t\t\t\t\t\t\t<div class=\"item-inner\">\t\t\n\t\t\t\t\t\t\t\t\t\t<div class=\"col-image\">\n\t\t\t\t\t\t\t\t\t\t\t<div class=\"image images-container\">\n\t\t\t\t\t\t\t\t\t\t\t\t<a href=\"https:\/\/cskotomotiv.com\/kompresor?product_id=209\" class=\"product-image\">\n\t\t\t\t\t\t\t\t\t\t\t\t\t<img src=\"https:\/\/cskotomotiv.com\/image\/cache\/catalog\/Foto\/VALEO%20813280-600x600.png\" alt=\"Ford Connect (Yeni Model) - Transit 1.8 TDCi Klima Kompres\u00f6r\u00fc | 97mm \u2013 6PK \u2013 12V\" title=\"Ford Connect (Yeni Model) - Transit 1.8 TDCi Klima Kompres\u00f6r\u00fc | 97mm \u2013 6PK \u2013 12V\" class=\"img-responsive\" \/>\n\t\t\t\t\t\t\t\t\t\t\t\t\t\t\t\t\t\t\t\t\t\t\t\t\t<\/a>\n\t\t\t\t\t\t\t\t\t\t\t\t\t\t\t\t\t\t\t\t\t\t\t\t\t\t\t\t\t\t\t\t\t\t\t\t<div class=\"action-links\">\n\t\t\t\t\t\t\t\t\t\t\t\t\t<button class=\"button btn-wishlist\" type=\"button\"  title=\"Al\u0131\u015fveri\u015f Listeme Ekle\" onclick=\"wishlist.add('209');\"><span>Al\u0131\u015fveri\u015f Listeme Ekle<\/span><\/button>\n\t\t\t\t\t\t\t\t\t\t\t\t\t<button class=\"button btn-compare\" type=\"button\"  title=\"Kar\u015f\u0131la\u015ft\u0131rma listesine ekle\" onclick=\"compare.add('209');\"><span>Kar\u015f\u0131la\u015ft\u0131rma listesine ekle<\/span><\/button>\n\t\t\t\t\t\t\t\t\t\t\t\t\t<button class=\"button btn-quickview\" type=\"button\"  title=\"\" onclick=\"ocquickview.ajaxView('https:\/\/cskotomotiv.com\/kompresor?product_id=209')\"><span><\/span><\/button>\n\t\t\t\t\t\t\t\t\t\t\t\t<\/div>\n\t\t\t\t\t\t\t\t\t\t\t<\/div>\n\t\t\t\t\t\t\t\t\t\t<\/div>\n\t\t\t\t\t\t\t\t\t\t<div class=\"col-des\">\n\t\t\t\t\t\t\t\t\t\t\t<div class=\"caption\">\n\t\t\t\t\t\t\t\t\t\t\t\t\t\t\t\t\t\t\t\t\t\t\t\t<p class=\"manufacture-product\">\n\t\t\t\t\t\t\t\t\t\t\t\t\t<a href=\"https:\/\/cskotomotiv.com\/index.php?route=product\/manufacturer\/info&amp;manufacturer_id=9\">VALEO<\/a>\n\t\t\t\t\t\t\t\t\t\t\t\t<\/p>\n\t\t\t\t\t\t\t\t\t\t\t\t          \t\t\t\t\t\t\t\t\n\t\t\t\t\t\t\t\t\t\t\t\t\t\t\t\t\t\t\t\t\t\t\t\t<h4 class=\"product-name\"><a href=\"https:\/\/cskotomotiv.com\/kompresor?product_id=209\">Ford Connect (Yeni Model) - Transit 1.8 TDCi Klima Kompres\u00f6r\u00fc | 97mm \u2013 6PK \u2013 12V<\/a><\/h4>\n\t\t\t\t\t\t\t\t\t\t\t\t\n\t\t\t\t\t\t\t\t\t\t\t\t\t\n\t\t\t\t\t\t\t\t\t\t\t\t<div class=\"price-box\">\n  <p class=\"price\">Bilgi Al\u0131n\u0131z<\/p>\n<\/div>\n\n\t\t\t\t\t\t\t\t\t\t\t\t<div class=\"product-des\">2006 ve sonras\u0131 Ford Connect (yeni model) ile Transit 1.8 TDCi motorlu ara\u00e7lar i\u00e7in \u00f6zel olarak \u00fcretilmi\u015f klima kompres\u00f6r\u00fcd\u00fcr. 97mm kasnak \u00e7ap\u0131na, 6PK kay\u0131\u015f tipine ve 12V elektrik ..<\/div>\n\t\t\t\t\t\t\t\t\t\t\t\t\t\t\t\t\t\t\t\t\t\t<\/div>\n\t\t\t\t\t\t\t\t\t\t<\/div>\n\t\t\t\t\t\t\t\t\t<\/div>\n\t\t\t\t\t\t\t\t<\/div>\n\t\t\t\t\t\t\t<\/div>\n\t\t\t\t\t\t\t<script type=\"text\/javascript\">\n\t\t\t\t\t\t\t\t$(document).ready(function() {\n\t\t\t\t\t\t\t\t\t$(\".product-list .item3 .caption\").append($('.product-list .item3 .action-links'));\n\t\t\t\t\t\t\t\t\t$('#grid-view').click(function() {\n\t\t\t\t\t\t\t\t\t\t$(\".item3 .images-container\").append($('.item3 .action-links'));\n\t\t\t\t\t\t\t\t\t});\n\t\t\t\t\t\t\t\t\t$('#list-view').click(function() {\n\t\t\t\t\t\t\t\t\t\t$(\".item3 .caption\").append($('.item3 .action-links'));\n\t\t\t\t\t\t\t\t\t});\n\t\t\t\t\t\t\t\t});\n\t\t\t\t\t\t\t<\/script>\n\t\t\t\t\t\t<\/div>\n\t\t\t\t\t\t\t\t\t\t\t\t\t\t\t\t\t\t<div class=\"product-layout product-list\">\n\t\t\t\t\t\t\t<div class=\"product-thumb\">\n\t\t\t\t\t\t\t\t<div class=\"item item4\">\n\t\t\t\t\t\t\t\t\t<div class=\"item-inner\">\t\t\n\t\t\t\t\t\t\t\t\t\t<div class=\"col-image\">\n\t\t\t\t\t\t\t\t\t\t\t<div class=\"image images-container\">\n\t\t\t\t\t\t\t\t\t\t\t\t<a href=\"https:\/\/cskotomotiv.com\/kompresor?product_id=162\" class=\"product-image\">\n\t\t\t\t\t\t\t\t\t\t\t\t\t<img src=\"https:\/\/cskotomotiv.com\/image\/cache\/catalog\/Foto\/SANDEN%201684E-600x600.png\" alt=\"Ford Focus 1.6 TDCi Klima Kompres\u00f6r\u00fc 110mm 6PK 12V\" title=\"Ford Focus 1.6 TDCi Klima Kompres\u00f6r\u00fc 110mm 6PK 12V\" class=\"img-responsive\" \/>\n\t\t\t\t\t\t\t\t\t\t\t\t\t\t\t\t\t\t\t\t\t\t\t\t\t<\/a>\n\t\t\t\t\t\t\t\t\t\t\t\t\t\t\t\t\t\t\t\t\t\t\t\t\t\t\t\t\t\t\t\t\t\t\t\t<div class=\"action-links\">\n\t\t\t\t\t\t\t\t\t\t\t\t\t<button class=\"button btn-wishlist\" type=\"button\"  title=\"Al\u0131\u015fveri\u015f Listeme Ekle\" onclick=\"wishlist.add('162');\"><span>Al\u0131\u015fveri\u015f Listeme Ekle<\/span><\/button>\n\t\t\t\t\t\t\t\t\t\t\t\t\t<button class=\"button btn-compare\" type=\"button\"  title=\"Kar\u015f\u0131la\u015ft\u0131rma listesine ekle\" onclick=\"compare.add('162');\"><span>Kar\u015f\u0131la\u015ft\u0131rma listesine ekle<\/span><\/button>\n\t\t\t\t\t\t\t\t\t\t\t\t\t<button class=\"button btn-quickview\" type=\"button\"  title=\"\" onclick=\"ocquickview.ajaxView('https:\/\/cskotomotiv.com\/kompresor?product_id=162')\"><span><\/span><\/button>\n\t\t\t\t\t\t\t\t\t\t\t\t<\/div>\n\t\t\t\t\t\t\t\t\t\t\t<\/div>\n\t\t\t\t\t\t\t\t\t\t<\/div>\n\t\t\t\t\t\t\t\t\t\t<div class=\"col-des\">\n\t\t\t\t\t\t\t\t\t\t\t<div class=\"caption\">\n\t\t\t\t\t\t\t\t\t\t\t\t\t\t\t\t\t\t\t\t\t\t\t\t<p class=\"manufacture-product\">\n\t\t\t\t\t\t\t\t\t\t\t\t\t<a href=\"https:\/\/cskotomotiv.com\/index.php?route=product\/manufacturer\/info&amp;manufacturer_id=7\">SANDEN<\/a>\n\t\t\t\t\t\t\t\t\t\t\t\t<\/p>\n\t\t\t\t\t\t\t\t\t\t\t\t          \t\t\t\t\t\t\t\t\n\t\t\t\t\t\t\t\t\t\t\t\t\t\t\t\t\t\t\t\t\t\t\t\t<h4 class=\"product-name\"><a href=\"https:\/\/cskotomotiv.com\/kompresor?product_id=162\">Ford Focus 1.6 TDCi Klima Kompres\u00f6r\u00fc 110mm 6PK 12V<\/a><\/h4>\n\t\t\t\t\t\t\t\t\t\t\t\t\n\t\t\t\t\t\t\t\t\t\t\t\t\t\n\t\t\t\t\t\t\t\t\t\t\t\t<div class=\"price-box\">\n  <p class=\"price\">Bilgi Al\u0131n\u0131z<\/p>\n<\/div>\n\n\t\t\t\t\t\t\t\t\t\t\t\t<div class=\"product-des\">Ford Focus 1.6 TDCi dizel motorlu ara\u00e7lar i\u00e7in uyumlu 110mm kasnak \u00e7ap\u0131na ve 6PK kay\u0131\u015f tipine sahip 12V klima kompres\u00f6r\u00fc. Y\u00fcksek so\u011futma performans\u0131 ile klima sisteminizin verimli ..<\/div>\n\t\t\t\t\t\t\t\t\t\t\t\t\t\t\t\t\t\t\t\t\t\t<\/div>\n\t\t\t\t\t\t\t\t\t\t<\/div>\n\t\t\t\t\t\t\t\t\t<\/div>\n\t\t\t\t\t\t\t\t<\/div>\n\t\t\t\t\t\t\t<\/div>\n\t\t\t\t\t\t\t<script type=\"text\/javascript\">\n\t\t\t\t\t\t\t\t$(document).ready(function() {\n\t\t\t\t\t\t\t\t\t$(\".product-list .item4 .caption\").append($('.product-list .item4 .action-links'));\n\t\t\t\t\t\t\t\t\t$('#grid-view').click(function() {\n\t\t\t\t\t\t\t\t\t\t$(\".item4 .images-container\").append($('.item4 .action-links'));\n\t\t\t\t\t\t\t\t\t});\n\t\t\t\t\t\t\t\t\t$('#list-view').click(function() {\n\t\t\t\t\t\t\t\t\t\t$(\".item4 .caption\").append($('.item4 .action-links'));\n\t\t\t\t\t\t\t\t\t});\n\t\t\t\t\t\t\t\t});\n\t\t\t\t\t\t\t<\/script>\n\t\t\t\t\t\t<\/div>\n\t\t\t\t\t\t\t\t\t\t\t\t\t\t\t\t\t\t<div class=\"product-layout product-list\">\n\t\t\t\t\t\t\t<div class=\"product-thumb\">\n\t\t\t\t\t\t\t\t<div class=\"item item5\">\n\t\t\t\t\t\t\t\t\t<div class=\"item-inner\">\t\t\n\t\t\t\t\t\t\t\t\t\t<div class=\"col-image\">\n\t\t\t\t\t\t\t\t\t\t\t<div class=\"image images-container\">\n\t\t\t\t\t\t\t\t\t\t\t\t<a href=\"https:\/\/cskotomotiv.com\/kompresor?product_id=171\" class=\"product-image\">\n\t\t\t\t\t\t\t\t\t\t\t\t\t<img src=\"https:\/\/cskotomotiv.com\/image\/cache\/catalog\/Foto\/SANDEN%201834E-600x600.png\" alt=\"Ford Transit Yeni Model Klima Kompres\u00f6r\u00fc 110mm 7PK 12V\" title=\"Ford Transit Yeni Model Klima Kompres\u00f6r\u00fc 110mm 7PK 12V\" class=\"img-responsive\" \/>\n\t\t\t\t\t\t\t\t\t\t\t\t\t\t\t\t\t\t\t\t\t\t\t\t\t<\/a>\n\t\t\t\t\t\t\t\t\t\t\t\t\t\t\t\t\t\t\t\t\t\t\t\t\t\t\t\t\t\t\t\t\t\t\t\t<div class=\"action-links\">\n\t\t\t\t\t\t\t\t\t\t\t\t\t<button class=\"button btn-wishlist\" type=\"button\"  title=\"Al\u0131\u015fveri\u015f Listeme Ekle\" onclick=\"wishlist.add('171');\"><span>Al\u0131\u015fveri\u015f Listeme Ekle<\/span><\/button>\n\t\t\t\t\t\t\t\t\t\t\t\t\t<button class=\"button btn-compare\" type=\"button\"  title=\"Kar\u015f\u0131la\u015ft\u0131rma listesine ekle\" onclick=\"compare.add('171');\"><span>Kar\u015f\u0131la\u015ft\u0131rma listesine ekle<\/span><\/button>\n\t\t\t\t\t\t\t\t\t\t\t\t\t<button class=\"button btn-quickview\" type=\"button\"  title=\"\" onclick=\"ocquickview.ajaxView('https:\/\/cskotomotiv.com\/kompresor?product_id=171')\"><span><\/span><\/button>\n\t\t\t\t\t\t\t\t\t\t\t\t<\/div>\n\t\t\t\t\t\t\t\t\t\t\t<\/div>\n\t\t\t\t\t\t\t\t\t\t<\/div>\n\t\t\t\t\t\t\t\t\t\t<div class=\"col-des\">\n\t\t\t\t\t\t\t\t\t\t\t<div class=\"caption\">\n\t\t\t\t\t\t\t\t\t\t\t\t\t\t\t\t\t\t\t\t\t\t\t\t<p class=\"manufacture-product\">\n\t\t\t\t\t\t\t\t\t\t\t\t\t<a href=\"https:\/\/cskotomotiv.com\/index.php?route=product\/manufacturer\/info&amp;manufacturer_id=7\">SANDEN<\/a>\n\t\t\t\t\t\t\t\t\t\t\t\t<\/p>\n\t\t\t\t\t\t\t\t\t\t\t\t          \t\t\t\t\t\t\t\t\n\t\t\t\t\t\t\t\t\t\t\t\t\t\t\t\t\t\t\t\t\t\t\t\t<h4 class=\"product-name\"><a href=\"https:\/\/cskotomotiv.com\/kompresor?product_id=171\">Ford Transit Yeni Model Klima Kompres\u00f6r\u00fc 110mm 7PK 12V<\/a><\/h4>\n\t\t\t\t\t\t\t\t\t\t\t\t\n\t\t\t\t\t\t\t\t\t\t\t\t\t\n\t\t\t\t\t\t\t\t\t\t\t\t<div class=\"price-box\">\n  <p class=\"price\">Bilgi Al\u0131n\u0131z<\/p>\n<\/div>\n\n\t\t\t\t\t\t\t\t\t\t\t\t<div class=\"product-des\">Ford Transit yeni model ara\u00e7lar i\u00e7in tasarlanm\u0131\u015f klima kompres\u00f6r\u00fc. 110mm kasnak \u00e7ap\u0131, 7PK kay\u0131\u015f yap\u0131s\u0131 ve 12V \u00e7al\u0131\u015fma voltaj\u0131na sahiptir. Y\u00fcksek so\u011futma performans\u0131 ve dayan\u0131kl\u0131l\u0131\u011f..<\/div>\n\t\t\t\t\t\t\t\t\t\t\t\t\t\t\t\t\t\t\t\t\t\t<\/div>\n\t\t\t\t\t\t\t\t\t\t<\/div>\n\t\t\t\t\t\t\t\t\t<\/div>\n\t\t\t\t\t\t\t\t<\/div>\n\t\t\t\t\t\t\t<\/div>\n\t\t\t\t\t\t\t<script type=\"text\/javascript\">\n\t\t\t\t\t\t\t\t$(document).ready(function() {\n\t\t\t\t\t\t\t\t\t$(\".product-list .item5 .caption\").append($('.product-list .item5 .action-links'));\n\t\t\t\t\t\t\t\t\t$('#grid-view').click(function() {\n\t\t\t\t\t\t\t\t\t\t$(\".item5 .images-container\").append($('.item5 .action-links'));\n\t\t\t\t\t\t\t\t\t});\n\t\t\t\t\t\t\t\t\t$('#list-view').click(function() {\n\t\t\t\t\t\t\t\t\t\t$(\".item5 .caption\").append($('.item5 .action-links'));\n\t\t\t\t\t\t\t\t\t});\n\t\t\t\t\t\t\t\t});\n\t\t\t\t\t\t\t<\/script>\n\t\t\t\t\t\t<\/div>\n\t\t\t\t\t\t\t\t\t\t\t\t\t\t\t\t\t\t<div class=\"product-layout product-list\">\n\t\t\t\t\t\t\t<div class=\"product-thumb\">\n\t\t\t\t\t\t\t\t<div class=\"item item6\">\n\t\t\t\t\t\t\t\t\t<div class=\"item-inner\">\t\t\n\t\t\t\t\t\t\t\t\t\t<div class=\"col-image\">\n\t\t\t\t\t\t\t\t\t\t\t<div class=\"image images-container\">\n\t\t\t\t\t\t\t\t\t\t\t\t<a href=\"https:\/\/cskotomotiv.com\/kompresor?product_id=185\" class=\"product-image\">\n\t\t\t\t\t\t\t\t\t\t\t\t\t<img src=\"https:\/\/cskotomotiv.com\/image\/cache\/catalog\/Foto\/SANDEN%204986-600x600.jpg\" alt=\"Honda Civic VI-VII 1.4 Klima Kompres\u00f6r\u00fc | 112mm Kasnak, 6PK, 12V\" title=\"Honda Civic VI-VII 1.4 Klima Kompres\u00f6r\u00fc | 112mm Kasnak, 6PK, 12V\" class=\"img-responsive\" \/>\n\t\t\t\t\t\t\t\t\t\t\t\t\t\t\t\t\t\t\t\t\t\t\t\t\t<\/a>\n\t\t\t\t\t\t\t\t\t\t\t\t\t\t\t\t\t\t\t\t\t\t\t\t\t\t\t\t\t\t\t\t\t\t\t\t<div class=\"action-links\">\n\t\t\t\t\t\t\t\t\t\t\t\t\t<button class=\"button btn-wishlist\" type=\"button\"  title=\"Al\u0131\u015fveri\u015f Listeme Ekle\" onclick=\"wishlist.add('185');\"><span>Al\u0131\u015fveri\u015f Listeme Ekle<\/span><\/button>\n\t\t\t\t\t\t\t\t\t\t\t\t\t<button class=\"button btn-compare\" type=\"button\"  title=\"Kar\u015f\u0131la\u015ft\u0131rma listesine ekle\" onclick=\"compare.add('185');\"><span>Kar\u015f\u0131la\u015ft\u0131rma listesine ekle<\/span><\/button>\n\t\t\t\t\t\t\t\t\t\t\t\t\t<button class=\"button btn-quickview\" type=\"button\"  title=\"\" onclick=\"ocquickview.ajaxView('https:\/\/cskotomotiv.com\/kompresor?product_id=185')\"><span><\/span><\/button>\n\t\t\t\t\t\t\t\t\t\t\t\t<\/div>\n\t\t\t\t\t\t\t\t\t\t\t<\/div>\n\t\t\t\t\t\t\t\t\t\t<\/div>\n\t\t\t\t\t\t\t\t\t\t<div class=\"col-des\">\n\t\t\t\t\t\t\t\t\t\t\t<div class=\"caption\">\n\t\t\t\t\t\t\t\t\t\t\t\t\t\t\t\t\t\t\t\t\t\t\t\t<p class=\"manufacture-product\">\n\t\t\t\t\t\t\t\t\t\t\t\t\t<a href=\"https:\/\/cskotomotiv.com\/index.php?route=product\/manufacturer\/info&amp;manufacturer_id=7\">SANDEN<\/a>\n\t\t\t\t\t\t\t\t\t\t\t\t<\/p>\n\t\t\t\t\t\t\t\t\t\t\t\t          \t\t\t\t\t\t\t\t\n\t\t\t\t\t\t\t\t\t\t\t\t\t\t\t\t\t\t\t\t\t\t\t\t<h4 class=\"product-name\"><a href=\"https:\/\/cskotomotiv.com\/kompresor?product_id=185\">Honda Civic VI-VII 1.4 Klima Kompres\u00f6r\u00fc | 112mm Kasnak, 6PK, 12V<\/a><\/h4>\n\t\t\t\t\t\t\t\t\t\t\t\t\n\t\t\t\t\t\t\t\t\t\t\t\t\t\n\t\t\t\t\t\t\t\t\t\t\t\t<div class=\"price-box\">\n  <p class=\"price\">Bilgi Al\u0131n\u0131z<\/p>\n<\/div>\n\n\t\t\t\t\t\t\t\t\t\t\t\t<div class=\"product-des\">Honda Civic VI ve VII kasa 1.4 motorlu ara\u00e7lar i\u00e7in \u00f6zel olarak tasarlanm\u0131\u015f klima kompres\u00f6r\u00fc. 112mm kasnak \u00e7ap\u0131 ve 6PK kay\u0131\u015f tipi ile arac\u0131n\u0131z\u0131n klima sistemine uyumludur. 12V elek..<\/div>\n\t\t\t\t\t\t\t\t\t\t\t\t\t\t\t\t\t\t\t\t\t\t<\/div>\n\t\t\t\t\t\t\t\t\t\t<\/div>\n\t\t\t\t\t\t\t\t\t<\/div>\n\t\t\t\t\t\t\t\t<\/div>\n\t\t\t\t\t\t\t<\/div>\n\t\t\t\t\t\t\t<script type=\"text\/javascript\">\n\t\t\t\t\t\t\t\t$(document).ready(function() {\n\t\t\t\t\t\t\t\t\t$(\".product-list .item6 .caption\").append($('.product-list .item6 .action-links'));\n\t\t\t\t\t\t\t\t\t$('#grid-view').click(function() {\n\t\t\t\t\t\t\t\t\t\t$(\".item6 .images-container\").append($('.item6 .action-links'));\n\t\t\t\t\t\t\t\t\t});\n\t\t\t\t\t\t\t\t\t$('#list-view').click(function() {\n\t\t\t\t\t\t\t\t\t\t$(\".item6 .caption\").append($('.item6 .action-links'));\n\t\t\t\t\t\t\t\t\t});\n\t\t\t\t\t\t\t\t});\n\t\t\t\t\t\t\t<\/script>\n\t\t\t\t\t\t<\/div>\n\t\t\t\t\t\t\t\t\t\t\t\t\t\t\t\t\t\t<div class=\"product-layout product-list\">\n\t\t\t\t\t\t\t<div class=\"product-thumb\">\n\t\t\t\t\t\t\t\t<div class=\"item item7\">\n\t\t\t\t\t\t\t\t\t<div class=\"item-inner\">\t\t\n\t\t\t\t\t\t\t\t\t\t<div class=\"col-image\">\n\t\t\t\t\t\t\t\t\t\t\t<div class=\"image images-container\">\n\t\t\t\t\t\t\t\t\t\t\t\t<a href=\"https:\/\/cskotomotiv.com\/kompresor?product_id=176\" class=\"product-image\">\n\t\t\t\t\t\t\t\t\t\t\t\t\t<img src=\"https:\/\/cskotomotiv.com\/image\/cache\/catalog\/Foto\/SANDEN%203786-600x600.jpg\" alt=\"Honda CR-V Klima Kompres\u00f6r\u00fc 7PK\" title=\"Honda CR-V Klima Kompres\u00f6r\u00fc 7PK\" class=\"img-responsive\" \/>\n\t\t\t\t\t\t\t\t\t\t\t\t\t\t\t\t\t\t\t\t\t\t\t\t\t<\/a>\n\t\t\t\t\t\t\t\t\t\t\t\t\t\t\t\t\t\t\t\t\t\t\t\t\t\t\t\t\t\t\t\t\t\t\t\t<div class=\"action-links\">\n\t\t\t\t\t\t\t\t\t\t\t\t\t<button class=\"button btn-wishlist\" type=\"button\"  title=\"Al\u0131\u015fveri\u015f Listeme Ekle\" onclick=\"wishlist.add('176');\"><span>Al\u0131\u015fveri\u015f Listeme Ekle<\/span><\/button>\n\t\t\t\t\t\t\t\t\t\t\t\t\t<button class=\"button btn-compare\" type=\"button\"  title=\"Kar\u015f\u0131la\u015ft\u0131rma listesine ekle\" onclick=\"compare.add('176');\"><span>Kar\u015f\u0131la\u015ft\u0131rma listesine ekle<\/span><\/button>\n\t\t\t\t\t\t\t\t\t\t\t\t\t<button class=\"button btn-quickview\" type=\"button\"  title=\"\" onclick=\"ocquickview.ajaxView('https:\/\/cskotomotiv.com\/kompresor?product_id=176')\"><span><\/span><\/button>\n\t\t\t\t\t\t\t\t\t\t\t\t<\/div>\n\t\t\t\t\t\t\t\t\t\t\t<\/div>\n\t\t\t\t\t\t\t\t\t\t<\/div>\n\t\t\t\t\t\t\t\t\t\t<div class=\"col-des\">\n\t\t\t\t\t\t\t\t\t\t\t<div class=\"caption\">\n\t\t\t\t\t\t\t\t\t\t\t\t\t\t\t\t\t\t\t\t\t\t\t\t<p class=\"manufacture-product\">\n\t\t\t\t\t\t\t\t\t\t\t\t\t<a href=\"https:\/\/cskotomotiv.com\/index.php?route=product\/manufacturer\/info&amp;manufacturer_id=7\">SANDEN<\/a>\n\t\t\t\t\t\t\t\t\t\t\t\t<\/p>\n\t\t\t\t\t\t\t\t\t\t\t\t          \t\t\t\t\t\t\t\t\n\t\t\t\t\t\t\t\t\t\t\t\t\t\t\t\t\t\t\t\t\t\t\t\t<h4 class=\"product-name\"><a href=\"https:\/\/cskotomotiv.com\/kompresor?product_id=176\">Honda CR-V Klima Kompres\u00f6r\u00fc 7PK<\/a><\/h4>\n\t\t\t\t\t\t\t\t\t\t\t\t\n\t\t\t\t\t\t\t\t\t\t\t\t\t\n\t\t\t\t\t\t\t\t\t\t\t\t<div class=\"price-box\">\n  <p class=\"price\">Bilgi Al\u0131n\u0131z<\/p>\n<\/div>\n\n\t\t\t\t\t\t\t\t\t\t\t\t<div class=\"product-des\">Honda CR-V modelleri i\u00e7in uyumlu 7PK kay\u0131\u015fl\u0131 klima kompres\u00f6r\u00fc. Y\u00fcksek performans ve dayan\u0131kl\u0131l\u0131kla klima sisteminizin verimli \u00e7al\u0131\u015fmas\u0131n\u0131 sa\u011flar. OEM standartlar\u0131nda \u00fcretilmi\u015f olup..<\/div>\n\t\t\t\t\t\t\t\t\t\t\t\t\t\t\t\t\t\t\t\t\t\t<\/div>\n\t\t\t\t\t\t\t\t\t\t<\/div>\n\t\t\t\t\t\t\t\t\t<\/div>\n\t\t\t\t\t\t\t\t<\/div>\n\t\t\t\t\t\t\t<\/div>\n\t\t\t\t\t\t\t<script type=\"text\/javascript\">\n\t\t\t\t\t\t\t\t$(document).ready(function() {\n\t\t\t\t\t\t\t\t\t$(\".product-list .item7 .caption\").append($('.product-list .item7 .action-links'));\n\t\t\t\t\t\t\t\t\t$('#grid-view').click(function() {\n\t\t\t\t\t\t\t\t\t\t$(\".item7 .images-container\").append($('.item7 .action-links'));\n\t\t\t\t\t\t\t\t\t});\n\t\t\t\t\t\t\t\t\t$('#list-view').click(function() {\n\t\t\t\t\t\t\t\t\t\t$(\".item7 .caption\").append($('.item7 .action-links'));\n\t\t\t\t\t\t\t\t\t});\n\t\t\t\t\t\t\t\t});\n\t\t\t\t\t\t\t<\/script>\n\t\t\t\t\t\t<\/div>\n\t\t\t\t\t\t\t\t\t\t\t\t\t\t\t\t\t\t<div class=\"product-layout product-list\">\n\t\t\t\t\t\t\t<div class=\"product-thumb\">\n\t\t\t\t\t\t\t\t<div class=\"item item8\">\n\t\t\t\t\t\t\t\t\t<div class=\"item-inner\">\t\t\n\t\t\t\t\t\t\t\t\t\t<div class=\"col-image\">\n\t\t\t\t\t\t\t\t\t\t\t<div class=\"image images-container\">\n\t\t\t\t\t\t\t\t\t\t\t\t<a href=\"https:\/\/cskotomotiv.com\/kompresor?product_id=175\" class=\"product-image\">\n\t\t\t\t\t\t\t\t\t\t\t\t\t<img src=\"https:\/\/cskotomotiv.com\/image\/cache\/catalog\/Foto\/SANDEN%203481E-600x600.png\" alt=\"Honda Jazz II 1.2 - 1.4i (07.08&gt;) Klima Kompres\u00f6r\u00fc 112mm 5PK 12V\" title=\"Honda Jazz II 1.2 - 1.4i (07.08&gt;) Klima Kompres\u00f6r\u00fc 112mm 5PK 12V\" class=\"img-responsive\" \/>\n\t\t\t\t\t\t\t\t\t\t\t\t\t\t\t\t\t\t\t\t\t\t\t\t\t<\/a>\n\t\t\t\t\t\t\t\t\t\t\t\t\t\t\t\t\t\t\t\t\t\t\t\t\t\t\t\t\t\t\t\t\t\t\t\t<div class=\"action-links\">\n\t\t\t\t\t\t\t\t\t\t\t\t\t<button class=\"button btn-wishlist\" type=\"button\"  title=\"Al\u0131\u015fveri\u015f Listeme Ekle\" onclick=\"wishlist.add('175');\"><span>Al\u0131\u015fveri\u015f Listeme Ekle<\/span><\/button>\n\t\t\t\t\t\t\t\t\t\t\t\t\t<button class=\"button btn-compare\" type=\"button\"  title=\"Kar\u015f\u0131la\u015ft\u0131rma listesine ekle\" onclick=\"compare.add('175');\"><span>Kar\u015f\u0131la\u015ft\u0131rma listesine ekle<\/span><\/button>\n\t\t\t\t\t\t\t\t\t\t\t\t\t<button class=\"button btn-quickview\" type=\"button\"  title=\"\" onclick=\"ocquickview.ajaxView('https:\/\/cskotomotiv.com\/kompresor?product_id=175')\"><span><\/span><\/button>\n\t\t\t\t\t\t\t\t\t\t\t\t<\/div>\n\t\t\t\t\t\t\t\t\t\t\t<\/div>\n\t\t\t\t\t\t\t\t\t\t<\/div>\n\t\t\t\t\t\t\t\t\t\t<div class=\"col-des\">\n\t\t\t\t\t\t\t\t\t\t\t<div class=\"caption\">\n\t\t\t\t\t\t\t\t\t\t\t\t\t\t\t\t\t\t\t\t\t\t\t\t<p class=\"manufacture-product\">\n\t\t\t\t\t\t\t\t\t\t\t\t\t<a href=\"https:\/\/cskotomotiv.com\/index.php?route=product\/manufacturer\/info&amp;manufacturer_id=7\">SANDEN<\/a>\n\t\t\t\t\t\t\t\t\t\t\t\t<\/p>\n\t\t\t\t\t\t\t\t\t\t\t\t          \t\t\t\t\t\t\t\t\n\t\t\t\t\t\t\t\t\t\t\t\t\t\t\t\t\t\t\t\t\t\t\t\t<h4 class=\"product-name\"><a href=\"https:\/\/cskotomotiv.com\/kompresor?product_id=175\">Honda Jazz II 1.2 - 1.4i (07.08&gt;) Klima Kompres\u00f6r\u00fc 112mm 5PK 12V<\/a><\/h4>\n\t\t\t\t\t\t\t\t\t\t\t\t\n\t\t\t\t\t\t\t\t\t\t\t\t\t\n\t\t\t\t\t\t\t\t\t\t\t\t<div class=\"price-box\">\n  <p class=\"price\">Bilgi Al\u0131n\u0131z<\/p>\n<\/div>\n\n\t\t\t\t\t\t\t\t\t\t\t\t<div class=\"product-des\">2007 sonras\u0131 Honda Jazz II 1.2 ve 1.4i motor modelleri i\u00e7in uyumlu klima kompres\u00f6r\u00fc. 112mm kasnak \u00e7ap\u0131, 5PK kay\u0131\u015f yap\u0131s\u0131 ve 12V \u00e7al\u0131\u015fma voltaj\u0131na sahiptir. Arac\u0131n\u0131z\u0131n klima sistemi..<\/div>\n\t\t\t\t\t\t\t\t\t\t\t\t\t\t\t\t\t\t\t\t\t\t<\/div>\n\t\t\t\t\t\t\t\t\t\t<\/div>\n\t\t\t\t\t\t\t\t\t<\/div>\n\t\t\t\t\t\t\t\t<\/div>\n\t\t\t\t\t\t\t<\/div>\n\t\t\t\t\t\t\t<script type=\"text\/javascript\">\n\t\t\t\t\t\t\t\t$(document).ready(function() {\n\t\t\t\t\t\t\t\t\t$(\".product-list .item8 .caption\").append($('.product-list .item8 .action-links'));\n\t\t\t\t\t\t\t\t\t$('#grid-view').click(function() {\n\t\t\t\t\t\t\t\t\t\t$(\".item8 .images-container\").append($('.item8 .action-links'));\n\t\t\t\t\t\t\t\t\t});\n\t\t\t\t\t\t\t\t\t$('#list-view').click(function() {\n\t\t\t\t\t\t\t\t\t\t$(\".item8 .caption\").append($('.item8 .action-links'));\n\t\t\t\t\t\t\t\t\t});\n\t\t\t\t\t\t\t\t});\n\t\t\t\t\t\t\t<\/script>\n\t\t\t\t\t\t<\/div>\n\t\t\t\t\t\t\t\t\t\t\t\t\t\t\t\t\t\t<div class=\"product-layout product-list\">\n\t\t\t\t\t\t\t<div class=\"product-thumb\">\n\t\t\t\t\t\t\t\t<div class=\"item item9\">\n\t\t\t\t\t\t\t\t\t<div class=\"item-inner\">\t\t\n\t\t\t\t\t\t\t\t\t\t<div class=\"col-image\">\n\t\t\t\t\t\t\t\t\t\t\t<div class=\"image images-container\">\n\t\t\t\t\t\t\t\t\t\t\t\t<a href=\"https:\/\/cskotomotiv.com\/kompresor?product_id=122\" class=\"product-image\">\n\t\t\t\t\t\t\t\t\t\t\t\t\t<img src=\"https:\/\/cskotomotiv.com\/image\/cache\/catalog\/Foto\/DAC.730235-600x600.jpg\" alt=\"Hyundai \u0130\u015f Makinesi Klima Kompres\u00f6r\u00fc 24V\" title=\"Hyundai \u0130\u015f Makinesi Klima Kompres\u00f6r\u00fc 24V\" class=\"img-responsive\" \/>\n\t\t\t\t\t\t\t\t\t\t\t\t\t\t\t\t\t\t\t\t\t\t\t\t\t<\/a>\n\t\t\t\t\t\t\t\t\t\t\t\t\t\t\t\t\t\t\t\t\t\t\t\t\t\t\t\t\t\t\t\t\t\t\t\t<div class=\"action-links\">\n\t\t\t\t\t\t\t\t\t\t\t\t\t<button class=\"button btn-wishlist\" type=\"button\"  title=\"Al\u0131\u015fveri\u015f Listeme Ekle\" onclick=\"wishlist.add('122');\"><span>Al\u0131\u015fveri\u015f Listeme Ekle<\/span><\/button>\n\t\t\t\t\t\t\t\t\t\t\t\t\t<button class=\"button btn-compare\" type=\"button\"  title=\"Kar\u015f\u0131la\u015ft\u0131rma listesine ekle\" onclick=\"compare.add('122');\"><span>Kar\u015f\u0131la\u015ft\u0131rma listesine ekle<\/span><\/button>\n\t\t\t\t\t\t\t\t\t\t\t\t\t<button class=\"button btn-quickview\" type=\"button\"  title=\"\" onclick=\"ocquickview.ajaxView('https:\/\/cskotomotiv.com\/kompresor?product_id=122')\"><span><\/span><\/button>\n\t\t\t\t\t\t\t\t\t\t\t\t<\/div>\n\t\t\t\t\t\t\t\t\t\t\t<\/div>\n\t\t\t\t\t\t\t\t\t\t<\/div>\n\t\t\t\t\t\t\t\t\t\t<div class=\"col-des\">\n\t\t\t\t\t\t\t\t\t\t\t<div class=\"caption\">\n\t\t\t\t\t\t\t\t\t\t\t\t\t\t\t\t\t\t\t\t\t\t\t\t<p class=\"manufacture-product\">\n\t\t\t\t\t\t\t\t\t\t\t\t\t<a href=\"https:\/\/cskotomotiv.com\/index.php?route=product\/manufacturer\/info&amp;manufacturer_id=12\">DAC<\/a>\n\t\t\t\t\t\t\t\t\t\t\t\t<\/p>\n\t\t\t\t\t\t\t\t\t\t\t\t          \t\t\t\t\t\t\t\t\n\t\t\t\t\t\t\t\t\t\t\t\t\t\t\t\t\t\t\t\t\t\t\t\t<h4 class=\"product-name\"><a href=\"https:\/\/cskotomotiv.com\/kompresor?product_id=122\">Hyundai \u0130\u015f Makinesi Klima Kompres\u00f6r\u00fc 24V<\/a><\/h4>\n\t\t\t\t\t\t\t\t\t\t\t\t\n\t\t\t\t\t\t\t\t\t\t\t\t\t\n\t\t\t\t\t\t\t\t\t\t\t\t<div class=\"price-box\">\n  <p class=\"price\">Bilgi Al\u0131n\u0131z<\/p>\n<\/div>\n\n\t\t\t\t\t\t\t\t\t\t\t\t<div class=\"product-des\">Hyundai i\u015f makineleri ile uyumlu 24V klima kompres\u00f6r\u00fc. Zorlu \u00e7al\u0131\u015fma ko\u015fullar\u0131na dayan\u0131kl\u0131, y\u00fcksek performansl\u0131 ve uzun \u00f6m\u00fcrl\u00fc so\u011futma sa\u011flar. \u0130\u015f makinelerinde g\u00fcvenilir klima perf..<\/div>\n\t\t\t\t\t\t\t\t\t\t\t\t\t\t\t\t\t\t\t\t\t\t<\/div>\n\t\t\t\t\t\t\t\t\t\t<\/div>\n\t\t\t\t\t\t\t\t\t<\/div>\n\t\t\t\t\t\t\t\t<\/div>\n\t\t\t\t\t\t\t<\/div>\n\t\t\t\t\t\t\t<script type=\"text\/javascript\">\n\t\t\t\t\t\t\t\t$(document).ready(function() {\n\t\t\t\t\t\t\t\t\t$(\".product-list .item9 .caption\").append($('.product-list .item9 .action-links'));\n\t\t\t\t\t\t\t\t\t$('#grid-view').click(function() {\n\t\t\t\t\t\t\t\t\t\t$(\".item9 .images-container\").append($('.item9 .action-links'));\n\t\t\t\t\t\t\t\t\t});\n\t\t\t\t\t\t\t\t\t$('#list-view').click(function() {\n\t\t\t\t\t\t\t\t\t\t$(\".item9 .caption\").append($('.item9 .action-links'));\n\t\t\t\t\t\t\t\t\t});\n\t\t\t\t\t\t\t\t});\n\t\t\t\t\t\t\t<\/script>\n\t\t\t\t\t\t<\/div>\n\t\t\t\t\t\t\t\t\t\t\t\t\t\t\t\t\t<\/div>\n                <\/div>\n                <div class=\"toolbar toolbar-products toolbar-bottom\">\n                    <div class=\"toolbar-amount\"><span>G\u00f6sterilen: 19 ile 27 aras\u0131, toplam: 96 (11 Sayfa)<\/span><\/div>\n\t\t\t\t\t<div class=\"pages\"><ul class=\"pagination\"><li><a href=\"https:\/\/cskotomotiv.com\/index.php?route=product\/category&path=299\">|&lt;<\/a><\/li><li><a href=\"https:\/\/cskotomotiv.com\/index.php?route=product\/category&path=299&amp;page=2\">&lt;<\/a><\/li><li><a href=\"https:\/\/cskotomotiv.com\/index.php?route=product\/category&path=299\">1<\/a><\/li><li><a href=\"https:\/\/cskotomotiv.com\/index.php?route=product\/category&path=299&amp;page=2\">2<\/a><\/li><li class=\"active\"><span>3<\/span><\/li><li><a href=\"https:\/\/cskotomotiv.com\/index.php?route=product\/category&path=299&amp;page=4\">4<\/a><\/li><li><a href=\"https:\/\/cskotomotiv.com\/index.php?route=product\/category&path=299&amp;page=5\">5<\/a><\/li><li><a href=\"https:\/\/cskotomotiv.com\/index.php?route=product\/category&path=299&amp;page=6\">6<\/a><\/li><li><a href=\"https:\/\/cskotomotiv.com\/index.php?route=product\/category&path=299&amp;page=7\">7<\/a><\/li><li><a href=\"https:\/\/cskotomotiv.com\/index.php?route=product\/category&path=299&amp;page=8\">8<\/a><\/li><li><a href=\"https:\/\/cskotomotiv.com\/index.php?route=product\/category&path=299&amp;page=9\">9<\/a><\/li><li><a href=\"https:\/\/cskotomotiv.com\/index.php?route=product\/category&path=299&amp;page=4\">&gt;<\/a><\/li><li><a href=\"https:\/\/cskotomotiv.com\/index.php?route=product\/category&path=299&amp;page=11\">&gt;|<\/a><\/li><\/ul><\/div>\n                <\/div>\n                                            <\/div>\n            <\/div>\n        <\/div><\/div>\n<\/div>\n<script type=\"text\/javascript\">\n$('body').addClass('product-category');\n<\/script>\n","filter_action":"https:\/\/cskotomotiv.com\/index.php?route=extension\/module\/oclayerednavigation\/category&path=299","price_action":"https:\/\/cskotomotiv.com\/index.php?route=extension\/module\/oclayerednavigation\/category&path=299","layered_html":"<div class=\"list-group\">\n    <div class=\"filter-attribute-container filter-attribute-remove-container\">\n                            <\/div>\n    <div class=\"filter-attribute-container\">\n        <label>Price<\/label>\n        <div class=\"list-group-item\">\n            <div class=\"filter-price\">\n                <div id=\"slider-price\"><\/div>\n                <div class=\"slider-values\">\n                    <span><\/span>\n                    <input id=\"price-from\" disabled=\"disabled\" class=\"input-price\" type=\"text\" value=\"0\" placeholder=\"Min\" name=\"price-from\"\/>\n                    <span>\u20ba<\/span> -\n                    <span><\/span>\n                    <input id=\"price-to\" disabled=\"disabled\" class=\"input-price\" type=\"text\" value=\"999\" placeholder=\"Max\" name=\"price-to\" \/>\n                    <span>\u20ba<\/span>\n                <\/div>\n            <\/div>\n        <\/div>\n    <\/div>\n    <\/div>\n"}