{"result_html":"\n<div class=\"container layer-category\">\n    <div class=\"layered-navigation-block\"><\/div> \n    <div class=\"ajax-loader\">\n        <img src=\"\" alt=\"\" \/>\n    <\/div>\n    <ul class=\"breadcrumb\">\n            <\/ul>\n    <div class=\"row\"><div class=\"col-order\">\n                                    <div id=\"content\" class=\"col-sm-12\">\n\t\t\t<h1 class=\"category-name\"><\/h1>\n\t\t\t<div class=\"category-info\">\n            \t\t\t<\/div>\n                        <div class=\"custom-category\">\n                                <div><a href=\"https:\/\/cskotomotiv.com\/index.php?route=product\/compare\" id=\"compare-total\">\u00dcr\u00fcn Kar\u015f\u0131la\u015ft\u0131r (0)<\/a><\/div>\n\t\t\t\t<div class=\"toolbar toolbar-products toolbar-top\">\n\t\t\t\t\t<div class=\"modes\">\n\t\t\t\t\t\t<div class=\"btn-group\">\n\t\t\t\t\t\t\t<button type=\"button\" id=\"grid-view\" class=\"btn\"><i class=\"fa fa-th\"><\/i><\/button>\n\t\t\t\t\t\t\t<button type=\"button\" id=\"list-view\" class=\"btn\"><i class=\"fa fa-th-list\"><\/i><\/button>\n\t\t\t\t\t\t<\/div>\n\t\t\t\t\t<\/div>\n\t\t\t\t\t<div class=\"toolbar-amount\">\n\t\t\t\t\t\t<span>G\u00f6sterilen: 28 ile 36 aras\u0131, toplam: 96 (11 Sayfa)<\/span>\n\t\t\t\t\t<\/div>\n\t\t\t\t\t<div class=\"sorter\">\n\t\t\t\t\t\t<label>S\u0131rala:<\/label>\n\t\t\t\t\t\t<select id=\"input-sort\" class=\"form-control\" onchange=\"oclayerednavigationajax.filter(this.value)\">\n\t\t\t\t\t\t\t\t\t\t\t\t\t\t\t\t\t\t\t\t\t\t\t\t<option value=\"https:\/\/cskotomotiv.com\/index.php?route=extension\/module\/oclayerednavigation\/category&path=299&sort=p.sort_order&order=ASC\" selected=\"selected\">Varsay\u0131lan<\/option>\n\t\t\t\t\t\t\t\t\t\t\t\t\t\t\t\t\t\t\t\t\t\t\t\t\t\t\t\t\t\t\t\t<option value=\"https:\/\/cskotomotiv.com\/index.php?route=extension\/module\/oclayerednavigation\/category&path=299&sort=pd.name&order=ASC\">\u00dcr\u00fcn Ad\u0131 (A - Z)<\/option>\n\t\t\t\t\t\t\t\t\t\t\t\t\t\t\t\t\t\t\t\t\t\t\t\t\t\t\t\t\t\t\t\t<option value=\"https:\/\/cskotomotiv.com\/index.php?route=extension\/module\/oclayerednavigation\/category&path=299&sort=pd.name&order=DESC\">\u00dcr\u00fcn Ad\u0131 (Z - A)<\/option>\n\t\t\t\t\t\t\t\t\t\t\t\t\t\t\t\t\t\t\t\t\t\t\t\t\t\t\t\t\t\t\t\t<option value=\"https:\/\/cskotomotiv.com\/index.php?route=extension\/module\/oclayerednavigation\/category&path=299&sort=p.price&order=ASC\">Ucuzdan &gt; Pahal\u0131ya<\/option>\n\t\t\t\t\t\t\t\t\t\t\t\t\t\t\t\t\t\t\t\t\t\t\t\t\t\t\t\t\t\t\t\t<option value=\"https:\/\/cskotomotiv.com\/index.php?route=extension\/module\/oclayerednavigation\/category&path=299&sort=p.price&order=DESC\">Pahal\u0131dan &gt; Ucuza<\/option>\n\t\t\t\t\t\t\t\t\t\t\t\t\t\t\t\t\t\t\t\t\t\t\t\t\t\t\t\t\t\t\t\t<option value=\"https:\/\/cskotomotiv.com\/index.php?route=extension\/module\/oclayerednavigation\/category&path=299&sort=rating&order=DESC\">Y\u00fcksek Oylama<\/option>\n\t\t\t\t\t\t\t\t\t\t\t\t\t\t\t\t\t\t\t\t\t\t\t\t\t\t\t\t\t\t\t\t<option value=\"https:\/\/cskotomotiv.com\/index.php?route=extension\/module\/oclayerednavigation\/category&path=299&sort=rating&order=ASC\">D\u00fc\u015f\u00fck Oylama<\/option>\n\t\t\t\t\t\t\t\t\t\t\t\t\t\t\t\t\t\t\t\t\t\t\t\t\t\t\t\t\t\t\t\t<option value=\"https:\/\/cskotomotiv.com\/index.php?route=extension\/module\/oclayerednavigation\/category&path=299&sort=p.model&order=ASC\">\u00dcr\u00fcn Kodu (A - Z)<\/option>\n\t\t\t\t\t\t\t\t\t\t\t\t\t\t\t\t\t\t\t\t\t\t\t\t\t\t\t\t\t\t\t\t<option value=\"https:\/\/cskotomotiv.com\/index.php?route=extension\/module\/oclayerednavigation\/category&path=299&sort=p.model&order=DESC\">\u00dcr\u00fcn Kodu (Z - A)<\/option>\n\t\t\t\t\t\t\t\t\t\t\t\t\t\t\t\t\t\t\t\t\t<\/select>\n\t\t\t\t\t<\/div>\n\t\t\t\t\t\n\t\t\t\t<\/div>\n                <div class=\"custom-products\">\n                    <div class=\"row\">\n\t\t\t\t\t\t\t\t\t\t\t\t\t\t\t\t\t\t<div class=\"product-layout product-list\">\n\t\t\t\t\t\t\t<div class=\"product-thumb\">\n\t\t\t\t\t\t\t\t<div class=\"item item1\">\n\t\t\t\t\t\t\t\t\t<div class=\"item-inner\">\t\t\n\t\t\t\t\t\t\t\t\t\t<div class=\"col-image\">\n\t\t\t\t\t\t\t\t\t\t\t<div class=\"image images-container\">\n\t\t\t\t\t\t\t\t\t\t\t\t<a href=\"https:\/\/cskotomotiv.com\/kompresor?product_id=195\" class=\"product-image\">\n\t\t\t\t\t\t\t\t\t\t\t\t\t<img src=\"https:\/\/cskotomotiv.com\/image\/cache\/catalog\/Foto\/SANDEN%208203-600x600.png\" alt=\"JCB Uyumlu Klima Kompres\u00f6r\u00fc | Sanden 7H15 \u2013 124mm Kasnak, 8PK, 12V\" title=\"JCB Uyumlu Klima Kompres\u00f6r\u00fc | Sanden 7H15 \u2013 124mm Kasnak, 8PK, 12V\" class=\"img-responsive\" \/>\n\t\t\t\t\t\t\t\t\t\t\t\t\t\t\t\t\t\t\t\t\t\t\t\t\t<\/a>\n\t\t\t\t\t\t\t\t\t\t\t\t\t\t\t\t\t\t\t\t\t\t\t\t\t\t\t\t\t\t\t\t\t\t\t\t<div class=\"action-links\">\n\t\t\t\t\t\t\t\t\t\t\t\t\t<button class=\"button btn-wishlist\" type=\"button\"  title=\"Al\u0131\u015fveri\u015f Listeme Ekle\" onclick=\"wishlist.add('195');\"><span>Al\u0131\u015fveri\u015f Listeme Ekle<\/span><\/button>\n\t\t\t\t\t\t\t\t\t\t\t\t\t<button class=\"button btn-compare\" type=\"button\"  title=\"Kar\u015f\u0131la\u015ft\u0131rma listesine ekle\" onclick=\"compare.add('195');\"><span>Kar\u015f\u0131la\u015ft\u0131rma listesine ekle<\/span><\/button>\n\t\t\t\t\t\t\t\t\t\t\t\t\t<button class=\"button btn-quickview\" type=\"button\"  title=\"\" onclick=\"ocquickview.ajaxView('https:\/\/cskotomotiv.com\/kompresor?product_id=195')\"><span><\/span><\/button>\n\t\t\t\t\t\t\t\t\t\t\t\t<\/div>\n\t\t\t\t\t\t\t\t\t\t\t<\/div>\n\t\t\t\t\t\t\t\t\t\t<\/div>\n\t\t\t\t\t\t\t\t\t\t<div class=\"col-des\">\n\t\t\t\t\t\t\t\t\t\t\t<div class=\"caption\">\n\t\t\t\t\t\t\t\t\t\t\t\t\t\t\t\t\t\t\t\t\t\t\t\t<p class=\"manufacture-product\">\n\t\t\t\t\t\t\t\t\t\t\t\t\t<a href=\"https:\/\/cskotomotiv.com\/index.php?route=product\/manufacturer\/info&amp;manufacturer_id=7\">SANDEN<\/a>\n\t\t\t\t\t\t\t\t\t\t\t\t<\/p>\n\t\t\t\t\t\t\t\t\t\t\t\t          \t\t\t\t\t\t\t\t\n\t\t\t\t\t\t\t\t\t\t\t\t\t\t\t\t\t\t\t\t\t\t\t\t<h4 class=\"product-name\"><a href=\"https:\/\/cskotomotiv.com\/kompresor?product_id=195\">JCB Uyumlu Klima Kompres\u00f6r\u00fc | Sanden 7H15 \u2013 124mm Kasnak, 8PK, 12V<\/a><\/h4>\n\t\t\t\t\t\t\t\t\t\t\t\t\n\t\t\t\t\t\t\t\t\t\t\t\t\t\n\t\t\t\t\t\t\t\t\t\t\t\t<div class=\"price-box\">\n  <p class=\"price\">Bilgi Al\u0131n\u0131z<\/p>\n<\/div>\n\n\t\t\t\t\t\t\t\t\t\t\t\t<div class=\"product-des\">JCB marka i\u015f makineleriyle tam uyumlu Sanden 7H15 tipi klima kompres\u00f6r\u00fc, 124mm kasnak \u00e7ap\u0131, 8PK kay\u0131\u015f yap\u0131s\u0131 ve 12V elektrik sistemiyle y\u00fcksek performans sunar. A\u011f\u0131r \u00e7al\u0131\u015fma ko\u015full..<\/div>\n\t\t\t\t\t\t\t\t\t\t\t\t\t\t\t\t\t\t\t\t\t\t<\/div>\n\t\t\t\t\t\t\t\t\t\t<\/div>\n\t\t\t\t\t\t\t\t\t<\/div>\n\t\t\t\t\t\t\t\t<\/div>\n\t\t\t\t\t\t\t<\/div>\n\t\t\t\t\t\t\t<script type=\"text\/javascript\">\n\t\t\t\t\t\t\t\t$(document).ready(function() {\n\t\t\t\t\t\t\t\t\t$(\".product-list .item1 .caption\").append($('.product-list .item1 .action-links'));\n\t\t\t\t\t\t\t\t\t$('#grid-view').click(function() {\n\t\t\t\t\t\t\t\t\t\t$(\".item1 .images-container\").append($('.item1 .action-links'));\n\t\t\t\t\t\t\t\t\t});\n\t\t\t\t\t\t\t\t\t$('#list-view').click(function() {\n\t\t\t\t\t\t\t\t\t\t$(\".item1 .caption\").append($('.item1 .action-links'));\n\t\t\t\t\t\t\t\t\t});\n\t\t\t\t\t\t\t\t});\n\t\t\t\t\t\t\t<\/script>\n\t\t\t\t\t\t<\/div>\n\t\t\t\t\t\t\t\t\t\t\t\t\t\t\t\t\t\t<div class=\"product-layout product-list\">\n\t\t\t\t\t\t\t<div class=\"product-thumb\">\n\t\t\t\t\t\t\t\t<div class=\"item item2\">\n\t\t\t\t\t\t\t\t\t<div class=\"item-inner\">\t\t\n\t\t\t\t\t\t\t\t\t\t<div class=\"col-image\">\n\t\t\t\t\t\t\t\t\t\t\t<div class=\"image images-container\">\n\t\t\t\t\t\t\t\t\t\t\t\t<a href=\"https:\/\/cskotomotiv.com\/kompresor?product_id=184\" class=\"product-image\">\n\t\t\t\t\t\t\t\t\t\t\t\t\t<img src=\"https:\/\/cskotomotiv.com\/image\/cache\/catalog\/Foto\/SANDEN%204852-600x600.png\" alt=\"Jeep Liberty 3.7 Klima Kompres\u00f6r\u00fc\" title=\"Jeep Liberty 3.7 Klima Kompres\u00f6r\u00fc\" class=\"img-responsive\" \/>\n\t\t\t\t\t\t\t\t\t\t\t\t\t\t\t\t\t\t\t\t\t\t\t\t\t<\/a>\n\t\t\t\t\t\t\t\t\t\t\t\t\t\t\t\t\t\t\t\t\t\t\t\t\t\t\t\t\t\t\t\t\t\t\t\t<div class=\"action-links\">\n\t\t\t\t\t\t\t\t\t\t\t\t\t<button class=\"button btn-wishlist\" type=\"button\"  title=\"Al\u0131\u015fveri\u015f Listeme Ekle\" onclick=\"wishlist.add('184');\"><span>Al\u0131\u015fveri\u015f Listeme Ekle<\/span><\/button>\n\t\t\t\t\t\t\t\t\t\t\t\t\t<button class=\"button btn-compare\" type=\"button\"  title=\"Kar\u015f\u0131la\u015ft\u0131rma listesine ekle\" onclick=\"compare.add('184');\"><span>Kar\u015f\u0131la\u015ft\u0131rma listesine ekle<\/span><\/button>\n\t\t\t\t\t\t\t\t\t\t\t\t\t<button class=\"button btn-quickview\" type=\"button\"  title=\"\" onclick=\"ocquickview.ajaxView('https:\/\/cskotomotiv.com\/kompresor?product_id=184')\"><span><\/span><\/button>\n\t\t\t\t\t\t\t\t\t\t\t\t<\/div>\n\t\t\t\t\t\t\t\t\t\t\t<\/div>\n\t\t\t\t\t\t\t\t\t\t<\/div>\n\t\t\t\t\t\t\t\t\t\t<div class=\"col-des\">\n\t\t\t\t\t\t\t\t\t\t\t<div class=\"caption\">\n\t\t\t\t\t\t\t\t\t\t\t\t\t\t\t\t\t\t\t\t\t\t\t\t<p class=\"manufacture-product\">\n\t\t\t\t\t\t\t\t\t\t\t\t\t<a href=\"https:\/\/cskotomotiv.com\/index.php?route=product\/manufacturer\/info&amp;manufacturer_id=7\">SANDEN<\/a>\n\t\t\t\t\t\t\t\t\t\t\t\t<\/p>\n\t\t\t\t\t\t\t\t\t\t\t\t          \t\t\t\t\t\t\t\t\n\t\t\t\t\t\t\t\t\t\t\t\t\t\t\t\t\t\t\t\t\t\t\t\t<h4 class=\"product-name\"><a href=\"https:\/\/cskotomotiv.com\/kompresor?product_id=184\">Jeep Liberty 3.7 Klima Kompres\u00f6r\u00fc<\/a><\/h4>\n\t\t\t\t\t\t\t\t\t\t\t\t\n\t\t\t\t\t\t\t\t\t\t\t\t\t\n\t\t\t\t\t\t\t\t\t\t\t\t<div class=\"price-box\">\n  <p class=\"price\">Bilgi Al\u0131n\u0131z<\/p>\n<\/div>\n\n\t\t\t\t\t\t\t\t\t\t\t\t<div class=\"product-des\">Jeep Liberty 3.7 motorlu ara\u00e7lar i\u00e7in \u00f6zel tasarlanm\u0131\u015f klima kompres\u00f6r\u00fc. Y\u00fcksek performansl\u0131 ve dayan\u0131kl\u0131 yap\u0131s\u0131yla arac\u0131n\u0131z\u0131n klima sisteminin optimum \u00e7al\u0131\u015fmas\u0131n\u0131 sa\u011flar. OEM stan..<\/div>\n\t\t\t\t\t\t\t\t\t\t\t\t\t\t\t\t\t\t\t\t\t\t<\/div>\n\t\t\t\t\t\t\t\t\t\t<\/div>\n\t\t\t\t\t\t\t\t\t<\/div>\n\t\t\t\t\t\t\t\t<\/div>\n\t\t\t\t\t\t\t<\/div>\n\t\t\t\t\t\t\t<script type=\"text\/javascript\">\n\t\t\t\t\t\t\t\t$(document).ready(function() {\n\t\t\t\t\t\t\t\t\t$(\".product-list .item2 .caption\").append($('.product-list .item2 .action-links'));\n\t\t\t\t\t\t\t\t\t$('#grid-view').click(function() {\n\t\t\t\t\t\t\t\t\t\t$(\".item2 .images-container\").append($('.item2 .action-links'));\n\t\t\t\t\t\t\t\t\t});\n\t\t\t\t\t\t\t\t\t$('#list-view').click(function() {\n\t\t\t\t\t\t\t\t\t\t$(\".item2 .caption\").append($('.item2 .action-links'));\n\t\t\t\t\t\t\t\t\t});\n\t\t\t\t\t\t\t\t});\n\t\t\t\t\t\t\t<\/script>\n\t\t\t\t\t\t<\/div>\n\t\t\t\t\t\t\t\t\t\t\t\t\t\t\t\t\t\t<div class=\"product-layout product-list\">\n\t\t\t\t\t\t\t<div class=\"product-thumb\">\n\t\t\t\t\t\t\t\t<div class=\"item item3\">\n\t\t\t\t\t\t\t\t\t<div class=\"item-inner\">\t\t\n\t\t\t\t\t\t\t\t\t\t<div class=\"col-image\">\n\t\t\t\t\t\t\t\t\t\t\t<div class=\"image images-container\">\n\t\t\t\t\t\t\t\t\t\t\t\t<a href=\"https:\/\/cskotomotiv.com\/kompresor?product_id=216\" class=\"product-image\">\n\t\t\t\t\t\t\t\t\t\t\t\t\t<img src=\"https:\/\/cskotomotiv.com\/image\/cache\/catalog\/Foto\/VALEO%20926000216R-600x600.png\" alt=\"Klima Kompres\u00f6r\u00fc | Dacia Dokker - Duster - Sandero | 115mm \u2013 7PK \u2013 12V \u2013 OEM Uyumlu\" title=\"Klima Kompres\u00f6r\u00fc | Dacia Dokker - Duster - Sandero | 115mm \u2013 7PK \u2013 12V \u2013 OEM Uyumlu\" class=\"img-responsive\" \/>\n\t\t\t\t\t\t\t\t\t\t\t\t\t\t\t\t\t\t\t\t\t\t\t\t\t<\/a>\n\t\t\t\t\t\t\t\t\t\t\t\t\t\t\t\t\t\t\t\t\t\t\t\t\t\t\t\t\t\t\t\t\t\t\t\t\t<div class=\"label-product label_new\"><\/div>\n\t\t\t\t\t\t\t\t\t\t\t\t\t\t\t\t\t\t\t\t\t\t\t\t<div class=\"action-links\">\n\t\t\t\t\t\t\t\t\t\t\t\t\t<button class=\"button btn-wishlist\" type=\"button\"  title=\"Al\u0131\u015fveri\u015f Listeme Ekle\" onclick=\"wishlist.add('216');\"><span>Al\u0131\u015fveri\u015f Listeme Ekle<\/span><\/button>\n\t\t\t\t\t\t\t\t\t\t\t\t\t<button class=\"button btn-compare\" type=\"button\"  title=\"Kar\u015f\u0131la\u015ft\u0131rma listesine ekle\" onclick=\"compare.add('216');\"><span>Kar\u015f\u0131la\u015ft\u0131rma listesine ekle<\/span><\/button>\n\t\t\t\t\t\t\t\t\t\t\t\t\t<button class=\"button btn-quickview\" type=\"button\"  title=\"\" onclick=\"ocquickview.ajaxView('https:\/\/cskotomotiv.com\/kompresor?product_id=216')\"><span><\/span><\/button>\n\t\t\t\t\t\t\t\t\t\t\t\t<\/div>\n\t\t\t\t\t\t\t\t\t\t\t<\/div>\n\t\t\t\t\t\t\t\t\t\t<\/div>\n\t\t\t\t\t\t\t\t\t\t<div class=\"col-des\">\n\t\t\t\t\t\t\t\t\t\t\t<div class=\"caption\">\n\t\t\t\t\t\t\t\t\t\t\t\t\t\t\t\t\t\t\t\t\t\t\t\t<p class=\"manufacture-product\">\n\t\t\t\t\t\t\t\t\t\t\t\t\t<a href=\"https:\/\/cskotomotiv.com\/index.php?route=product\/manufacturer\/info&amp;manufacturer_id=9\">VALEO<\/a>\n\t\t\t\t\t\t\t\t\t\t\t\t<\/p>\n\t\t\t\t\t\t\t\t\t\t\t\t          \t\t\t\t\t\t\t\t\n\t\t\t\t\t\t\t\t\t\t\t\t\t\t\t\t\t\t\t\t\t\t\t\t<h4 class=\"product-name\"><a href=\"https:\/\/cskotomotiv.com\/kompresor?product_id=216\">Klima Kompres\u00f6r\u00fc | Dacia Dokker - Duster - Sandero | 115mm \u2013 7PK \u2013 12V \u2013 OEM Uyumlu<\/a><\/h4>\n\t\t\t\t\t\t\t\t\t\t\t\t\n\t\t\t\t\t\t\t\t\t\t\t\t\t\n\t\t\t\t\t\t\t\t\t\t\t\t<div class=\"price-box\">\n  <p class=\"price\">Bilgi Al\u0131n\u0131z<\/p>\n<\/div>\n\n\t\t\t\t\t\t\t\t\t\t\t\t<div class=\"product-des\">Bu klima kompres\u00f6r\u00fc, Dacia Dokker, Duster ve Sandero modelleriyle tam uyumludur. 115mm kasnak \u00e7ap\u0131, 7PK kay\u0131\u015f tipi ve 12V gerilim ile y\u00fcksek performansl\u0131 so\u011futma sa\u011flar. OEM kalite..<\/div>\n\t\t\t\t\t\t\t\t\t\t\t\t\t\t\t\t\t\t\t\t\t\t<\/div>\n\t\t\t\t\t\t\t\t\t\t<\/div>\n\t\t\t\t\t\t\t\t\t<\/div>\n\t\t\t\t\t\t\t\t<\/div>\n\t\t\t\t\t\t\t<\/div>\n\t\t\t\t\t\t\t<script type=\"text\/javascript\">\n\t\t\t\t\t\t\t\t$(document).ready(function() {\n\t\t\t\t\t\t\t\t\t$(\".product-list .item3 .caption\").append($('.product-list .item3 .action-links'));\n\t\t\t\t\t\t\t\t\t$('#grid-view').click(function() {\n\t\t\t\t\t\t\t\t\t\t$(\".item3 .images-container\").append($('.item3 .action-links'));\n\t\t\t\t\t\t\t\t\t});\n\t\t\t\t\t\t\t\t\t$('#list-view').click(function() {\n\t\t\t\t\t\t\t\t\t\t$(\".item3 .caption\").append($('.item3 .action-links'));\n\t\t\t\t\t\t\t\t\t});\n\t\t\t\t\t\t\t\t});\n\t\t\t\t\t\t\t<\/script>\n\t\t\t\t\t\t<\/div>\n\t\t\t\t\t\t\t\t\t\t\t\t\t\t\t\t\t\t<div class=\"product-layout product-list\">\n\t\t\t\t\t\t\t<div class=\"product-thumb\">\n\t\t\t\t\t\t\t\t<div class=\"item item4\">\n\t\t\t\t\t\t\t\t\t<div class=\"item-inner\">\t\t\n\t\t\t\t\t\t\t\t\t\t<div class=\"col-image\">\n\t\t\t\t\t\t\t\t\t\t\t<div class=\"image images-container\">\n\t\t\t\t\t\t\t\t\t\t\t\t<a href=\"https:\/\/cskotomotiv.com\/kompresor?product_id=218\" class=\"product-image\">\n\t\t\t\t\t\t\t\t\t\t\t\t\t<img src=\"https:\/\/cskotomotiv.com\/image\/cache\/catalog\/Foto\/VALEO%20926006775R-600x600.jpg\" alt=\"Klima Kompres\u00f6r\u00fc | Dacia Sandero - Renault Clio - Mercedes-Benz | 112mm \u2013 4PK \u2013 12V \u2013 OEM Uyumlu\" title=\"Klima Kompres\u00f6r\u00fc | Dacia Sandero - Renault Clio - Mercedes-Benz | 112mm \u2013 4PK \u2013 12V \u2013 OEM Uyumlu\" class=\"img-responsive\" \/>\n\t\t\t\t\t\t\t\t\t\t\t\t\t\t\t\t\t\t\t\t\t\t\t\t\t<\/a>\n\t\t\t\t\t\t\t\t\t\t\t\t\t\t\t\t\t\t\t\t\t\t\t\t\t\t\t\t\t\t\t\t\t\t\t\t\t<div class=\"label-product label_new\"><\/div>\n\t\t\t\t\t\t\t\t\t\t\t\t\t\t\t\t\t\t\t\t\t\t\t\t<div class=\"action-links\">\n\t\t\t\t\t\t\t\t\t\t\t\t\t<button class=\"button btn-wishlist\" type=\"button\"  title=\"Al\u0131\u015fveri\u015f Listeme Ekle\" onclick=\"wishlist.add('218');\"><span>Al\u0131\u015fveri\u015f Listeme Ekle<\/span><\/button>\n\t\t\t\t\t\t\t\t\t\t\t\t\t<button class=\"button btn-compare\" type=\"button\"  title=\"Kar\u015f\u0131la\u015ft\u0131rma listesine ekle\" onclick=\"compare.add('218');\"><span>Kar\u015f\u0131la\u015ft\u0131rma listesine ekle<\/span><\/button>\n\t\t\t\t\t\t\t\t\t\t\t\t\t<button class=\"button btn-quickview\" type=\"button\"  title=\"\" onclick=\"ocquickview.ajaxView('https:\/\/cskotomotiv.com\/kompresor?product_id=218')\"><span><\/span><\/button>\n\t\t\t\t\t\t\t\t\t\t\t\t<\/div>\n\t\t\t\t\t\t\t\t\t\t\t<\/div>\n\t\t\t\t\t\t\t\t\t\t<\/div>\n\t\t\t\t\t\t\t\t\t\t<div class=\"col-des\">\n\t\t\t\t\t\t\t\t\t\t\t<div class=\"caption\">\n\t\t\t\t\t\t\t\t\t\t\t\t\t\t\t\t\t\t\t\t\t\t\t\t<p class=\"manufacture-product\">\n\t\t\t\t\t\t\t\t\t\t\t\t\t<a href=\"https:\/\/cskotomotiv.com\/index.php?route=product\/manufacturer\/info&amp;manufacturer_id=9\">VALEO<\/a>\n\t\t\t\t\t\t\t\t\t\t\t\t<\/p>\n\t\t\t\t\t\t\t\t\t\t\t\t          \t\t\t\t\t\t\t\t\n\t\t\t\t\t\t\t\t\t\t\t\t\t\t\t\t\t\t\t\t\t\t\t\t<h4 class=\"product-name\"><a href=\"https:\/\/cskotomotiv.com\/kompresor?product_id=218\">Klima Kompres\u00f6r\u00fc | Dacia Sandero - Renault Clio - Mercedes-Benz | 112mm \u2013 4PK \u2013 12V \u2013 OEM Uyumlu<\/a><\/h4>\n\t\t\t\t\t\t\t\t\t\t\t\t\n\t\t\t\t\t\t\t\t\t\t\t\t\t\n\t\t\t\t\t\t\t\t\t\t\t\t<div class=\"price-box\">\n  <p class=\"price\">Bilgi Al\u0131n\u0131z<\/p>\n<\/div>\n\n\t\t\t\t\t\t\t\t\t\t\t\t<div class=\"product-des\">Bu klima kompres\u00f6r\u00fc, Dacia Sandero, Renault Clio ve belirli Mercedes-Benz modelleri ile tam uyumludur. 112mm kasnak \u00e7ap\u0131, 4PK kay\u0131\u015f tipi ve 12V voltaj de\u011feriyle \u00e7al\u0131\u015f\u0131r. OEM kalite..<\/div>\n\t\t\t\t\t\t\t\t\t\t\t\t\t\t\t\t\t\t\t\t\t\t<\/div>\n\t\t\t\t\t\t\t\t\t\t<\/div>\n\t\t\t\t\t\t\t\t\t<\/div>\n\t\t\t\t\t\t\t\t<\/div>\n\t\t\t\t\t\t\t<\/div>\n\t\t\t\t\t\t\t<script type=\"text\/javascript\">\n\t\t\t\t\t\t\t\t$(document).ready(function() {\n\t\t\t\t\t\t\t\t\t$(\".product-list .item4 .caption\").append($('.product-list .item4 .action-links'));\n\t\t\t\t\t\t\t\t\t$('#grid-view').click(function() {\n\t\t\t\t\t\t\t\t\t\t$(\".item4 .images-container\").append($('.item4 .action-links'));\n\t\t\t\t\t\t\t\t\t});\n\t\t\t\t\t\t\t\t\t$('#list-view').click(function() {\n\t\t\t\t\t\t\t\t\t\t$(\".item4 .caption\").append($('.item4 .action-links'));\n\t\t\t\t\t\t\t\t\t});\n\t\t\t\t\t\t\t\t});\n\t\t\t\t\t\t\t<\/script>\n\t\t\t\t\t\t<\/div>\n\t\t\t\t\t\t\t\t\t\t\t\t\t\t\t\t\t\t<div class=\"product-layout product-list\">\n\t\t\t\t\t\t\t<div class=\"product-thumb\">\n\t\t\t\t\t\t\t\t<div class=\"item item5\">\n\t\t\t\t\t\t\t\t\t<div class=\"item-inner\">\t\t\n\t\t\t\t\t\t\t\t\t\t<div class=\"col-image\">\n\t\t\t\t\t\t\t\t\t\t\t<div class=\"image images-container\">\n\t\t\t\t\t\t\t\t\t\t\t\t<a href=\"https:\/\/cskotomotiv.com\/kompresor?product_id=222\" class=\"product-image\">\n\t\t\t\t\t\t\t\t\t\t\t\t\t<img src=\"https:\/\/cskotomotiv.com\/image\/cache\/catalog\/Foto\/VISTEON%203M5H-19D629-XF-600x600.jpg\" alt=\"Klima Kompres\u00f6r\u00fc | Ford Focus (SH\/LB) | OEM Uyumlu \u2013 6PK \u2013 12V\" title=\"Klima Kompres\u00f6r\u00fc | Ford Focus (SH\/LB) | OEM Uyumlu \u2013 6PK \u2013 12V\" class=\"img-responsive\" \/>\n\t\t\t\t\t\t\t\t\t\t\t\t\t\t\t\t\t\t\t\t\t\t\t\t\t<\/a>\n\t\t\t\t\t\t\t\t\t\t\t\t\t\t\t\t\t\t\t\t\t\t\t\t\t\t\t\t\t\t\t\t\t\t\t\t\t<div class=\"label-product label_new\"><\/div>\n\t\t\t\t\t\t\t\t\t\t\t\t\t\t\t\t\t\t\t\t\t\t\t\t<div class=\"action-links\">\n\t\t\t\t\t\t\t\t\t\t\t\t\t<button class=\"button btn-wishlist\" type=\"button\"  title=\"Al\u0131\u015fveri\u015f Listeme Ekle\" onclick=\"wishlist.add('222');\"><span>Al\u0131\u015fveri\u015f Listeme Ekle<\/span><\/button>\n\t\t\t\t\t\t\t\t\t\t\t\t\t<button class=\"button btn-compare\" type=\"button\"  title=\"Kar\u015f\u0131la\u015ft\u0131rma listesine ekle\" onclick=\"compare.add('222');\"><span>Kar\u015f\u0131la\u015ft\u0131rma listesine ekle<\/span><\/button>\n\t\t\t\t\t\t\t\t\t\t\t\t\t<button class=\"button btn-quickview\" type=\"button\"  title=\"\" onclick=\"ocquickview.ajaxView('https:\/\/cskotomotiv.com\/kompresor?product_id=222')\"><span><\/span><\/button>\n\t\t\t\t\t\t\t\t\t\t\t\t<\/div>\n\t\t\t\t\t\t\t\t\t\t\t<\/div>\n\t\t\t\t\t\t\t\t\t\t<\/div>\n\t\t\t\t\t\t\t\t\t\t<div class=\"col-des\">\n\t\t\t\t\t\t\t\t\t\t\t<div class=\"caption\">\n\t\t\t\t\t\t\t\t\t\t\t\t\t\t\t\t\t\t\t\t\t\t\t\t<p class=\"manufacture-product\">\n\t\t\t\t\t\t\t\t\t\t\t\t\t<a href=\"https:\/\/cskotomotiv.com\/index.php?route=product\/manufacturer\/info&amp;manufacturer_id=8\">VISTEON<\/a>\n\t\t\t\t\t\t\t\t\t\t\t\t<\/p>\n\t\t\t\t\t\t\t\t\t\t\t\t          \t\t\t\t\t\t\t\t\n\t\t\t\t\t\t\t\t\t\t\t\t\t\t\t\t\t\t\t\t\t\t\t\t<h4 class=\"product-name\"><a href=\"https:\/\/cskotomotiv.com\/kompresor?product_id=222\">Klima Kompres\u00f6r\u00fc | Ford Focus (SH\/LB) | OEM Uyumlu \u2013 6PK \u2013 12V<\/a><\/h4>\n\t\t\t\t\t\t\t\t\t\t\t\t\n\t\t\t\t\t\t\t\t\t\t\t\t\t\n\t\t\t\t\t\t\t\t\t\t\t\t<div class=\"price-box\">\n  <p class=\"price\">Bilgi Al\u0131n\u0131z<\/p>\n<\/div>\n\n\t\t\t\t\t\t\t\t\t\t\t\t<div class=\"product-des\">Bu klima kompres\u00f6r\u00fc, Ford Focus SH ve LB kasa tipleri ile tam uyumludur. 6PK kay\u0131\u015f yap\u0131s\u0131 ve 12V voltaj de\u011ferine sahip olan bu model, OEM standartlar\u0131nda \u00fcretilmi\u015f olup uzun \u00f6m\u00fcrl\u00fc..<\/div>\n\t\t\t\t\t\t\t\t\t\t\t\t\t\t\t\t\t\t\t\t\t\t<\/div>\n\t\t\t\t\t\t\t\t\t\t<\/div>\n\t\t\t\t\t\t\t\t\t<\/div>\n\t\t\t\t\t\t\t\t<\/div>\n\t\t\t\t\t\t\t<\/div>\n\t\t\t\t\t\t\t<script type=\"text\/javascript\">\n\t\t\t\t\t\t\t\t$(document).ready(function() {\n\t\t\t\t\t\t\t\t\t$(\".product-list .item5 .caption\").append($('.product-list .item5 .action-links'));\n\t\t\t\t\t\t\t\t\t$('#grid-view').click(function() {\n\t\t\t\t\t\t\t\t\t\t$(\".item5 .images-container\").append($('.item5 .action-links'));\n\t\t\t\t\t\t\t\t\t});\n\t\t\t\t\t\t\t\t\t$('#list-view').click(function() {\n\t\t\t\t\t\t\t\t\t\t$(\".item5 .caption\").append($('.item5 .action-links'));\n\t\t\t\t\t\t\t\t\t});\n\t\t\t\t\t\t\t\t});\n\t\t\t\t\t\t\t<\/script>\n\t\t\t\t\t\t<\/div>\n\t\t\t\t\t\t\t\t\t\t\t\t\t\t\t\t\t\t<div class=\"product-layout product-list\">\n\t\t\t\t\t\t\t<div class=\"product-thumb\">\n\t\t\t\t\t\t\t\t<div class=\"item item6\">\n\t\t\t\t\t\t\t\t\t<div class=\"item-inner\">\t\t\n\t\t\t\t\t\t\t\t\t\t<div class=\"col-image\">\n\t\t\t\t\t\t\t\t\t\t\t<div class=\"image images-container\">\n\t\t\t\t\t\t\t\t\t\t\t\t<a href=\"https:\/\/cskotomotiv.com\/kompresor?product_id=223\" class=\"product-image\">\n\t\t\t\t\t\t\t\t\t\t\t\t\t<img src=\"https:\/\/cskotomotiv.com\/image\/cache\/catalog\/Foto\/VISTEON%208FK-351-334-451-600x600.jpg\" alt=\"Klima Kompres\u00f6r\u00fc | Ford Focus | OEM Uyumlu \u2013 6PK \u2013 12V\" title=\"Klima Kompres\u00f6r\u00fc | Ford Focus | OEM Uyumlu \u2013 6PK \u2013 12V\" class=\"img-responsive\" \/>\n\t\t\t\t\t\t\t\t\t\t\t\t\t\t\t\t\t\t\t\t\t\t\t\t\t<\/a>\n\t\t\t\t\t\t\t\t\t\t\t\t\t\t\t\t\t\t\t\t\t\t\t\t\t\t\t\t\t\t\t\t\t\t\t\t\t<div class=\"label-product label_new\"><\/div>\n\t\t\t\t\t\t\t\t\t\t\t\t\t\t\t\t\t\t\t\t\t\t\t\t<div class=\"action-links\">\n\t\t\t\t\t\t\t\t\t\t\t\t\t<button class=\"button btn-wishlist\" type=\"button\"  title=\"Al\u0131\u015fveri\u015f Listeme Ekle\" onclick=\"wishlist.add('223');\"><span>Al\u0131\u015fveri\u015f Listeme Ekle<\/span><\/button>\n\t\t\t\t\t\t\t\t\t\t\t\t\t<button class=\"button btn-compare\" type=\"button\"  title=\"Kar\u015f\u0131la\u015ft\u0131rma listesine ekle\" onclick=\"compare.add('223');\"><span>Kar\u015f\u0131la\u015ft\u0131rma listesine ekle<\/span><\/button>\n\t\t\t\t\t\t\t\t\t\t\t\t\t<button class=\"button btn-quickview\" type=\"button\"  title=\"\" onclick=\"ocquickview.ajaxView('https:\/\/cskotomotiv.com\/kompresor?product_id=223')\"><span><\/span><\/button>\n\t\t\t\t\t\t\t\t\t\t\t\t<\/div>\n\t\t\t\t\t\t\t\t\t\t\t<\/div>\n\t\t\t\t\t\t\t\t\t\t<\/div>\n\t\t\t\t\t\t\t\t\t\t<div class=\"col-des\">\n\t\t\t\t\t\t\t\t\t\t\t<div class=\"caption\">\n\t\t\t\t\t\t\t\t\t\t\t\t\t\t\t\t\t\t\t\t\t\t\t\t<p class=\"manufacture-product\">\n\t\t\t\t\t\t\t\t\t\t\t\t\t<a href=\"https:\/\/cskotomotiv.com\/index.php?route=product\/manufacturer\/info&amp;manufacturer_id=8\">VISTEON<\/a>\n\t\t\t\t\t\t\t\t\t\t\t\t<\/p>\n\t\t\t\t\t\t\t\t\t\t\t\t          \t\t\t\t\t\t\t\t\n\t\t\t\t\t\t\t\t\t\t\t\t\t\t\t\t\t\t\t\t\t\t\t\t<h4 class=\"product-name\"><a href=\"https:\/\/cskotomotiv.com\/kompresor?product_id=223\">Klima Kompres\u00f6r\u00fc | Ford Focus | OEM Uyumlu \u2013 6PK \u2013 12V<\/a><\/h4>\n\t\t\t\t\t\t\t\t\t\t\t\t\n\t\t\t\t\t\t\t\t\t\t\t\t\t\n\t\t\t\t\t\t\t\t\t\t\t\t<div class=\"price-box\">\n  <p class=\"price\">Bilgi Al\u0131n\u0131z<\/p>\n<\/div>\n\n\t\t\t\t\t\t\t\t\t\t\t\t<div class=\"product-des\">Bu klima kompres\u00f6r\u00fc, Ford Focus model ara\u00e7larla uyumlu olacak \u015fekilde tasarlanm\u0131\u015ft\u0131r. 6PK kay\u0131\u015f yap\u0131s\u0131 ve 12V elektrik sistemi ile y\u00fcksek performansl\u0131 ve uzun \u00f6m\u00fcrl\u00fc so\u011futma sa\u011flar..<\/div>\n\t\t\t\t\t\t\t\t\t\t\t\t\t\t\t\t\t\t\t\t\t\t<\/div>\n\t\t\t\t\t\t\t\t\t\t<\/div>\n\t\t\t\t\t\t\t\t\t<\/div>\n\t\t\t\t\t\t\t\t<\/div>\n\t\t\t\t\t\t\t<\/div>\n\t\t\t\t\t\t\t<script type=\"text\/javascript\">\n\t\t\t\t\t\t\t\t$(document).ready(function() {\n\t\t\t\t\t\t\t\t\t$(\".product-list .item6 .caption\").append($('.product-list .item6 .action-links'));\n\t\t\t\t\t\t\t\t\t$('#grid-view').click(function() {\n\t\t\t\t\t\t\t\t\t\t$(\".item6 .images-container\").append($('.item6 .action-links'));\n\t\t\t\t\t\t\t\t\t});\n\t\t\t\t\t\t\t\t\t$('#list-view').click(function() {\n\t\t\t\t\t\t\t\t\t\t$(\".item6 .caption\").append($('.item6 .action-links'));\n\t\t\t\t\t\t\t\t\t});\n\t\t\t\t\t\t\t\t});\n\t\t\t\t\t\t\t<\/script>\n\t\t\t\t\t\t<\/div>\n\t\t\t\t\t\t\t\t\t\t\t\t\t\t\t\t\t\t<div class=\"product-layout product-list\">\n\t\t\t\t\t\t\t<div class=\"product-thumb\">\n\t\t\t\t\t\t\t\t<div class=\"item item7\">\n\t\t\t\t\t\t\t\t\t<div class=\"item-inner\">\t\t\n\t\t\t\t\t\t\t\t\t\t<div class=\"col-image\">\n\t\t\t\t\t\t\t\t\t\t\t<div class=\"image images-container\">\n\t\t\t\t\t\t\t\t\t\t\t\t<a href=\"https:\/\/cskotomotiv.com\/kompresor?product_id=221\" class=\"product-image\">\n\t\t\t\t\t\t\t\t\t\t\t\t\t<img src=\"https:\/\/cskotomotiv.com\/image\/cache\/catalog\/Foto\/VISTEON%2010-160-01044-600x600.png\" alt=\"Klima Kompres\u00f6r\u00fc | Ford Mondeo IV (2007\u20132014) | OEM Uyumlu \u2013 6PK \u2013 12V\" title=\"Klima Kompres\u00f6r\u00fc | Ford Mondeo IV (2007\u20132014) | OEM Uyumlu \u2013 6PK \u2013 12V\" class=\"img-responsive\" \/>\n\t\t\t\t\t\t\t\t\t\t\t\t\t\t\t\t\t\t\t\t\t\t\t\t\t<\/a>\n\t\t\t\t\t\t\t\t\t\t\t\t\t\t\t\t\t\t\t\t\t\t\t\t\t\t\t\t\t\t\t\t\t\t\t\t\t<div class=\"label-product label_new\"><\/div>\n\t\t\t\t\t\t\t\t\t\t\t\t\t\t\t\t\t\t\t\t\t\t\t\t<div class=\"action-links\">\n\t\t\t\t\t\t\t\t\t\t\t\t\t<button class=\"button btn-wishlist\" type=\"button\"  title=\"Al\u0131\u015fveri\u015f Listeme Ekle\" onclick=\"wishlist.add('221');\"><span>Al\u0131\u015fveri\u015f Listeme Ekle<\/span><\/button>\n\t\t\t\t\t\t\t\t\t\t\t\t\t<button class=\"button btn-compare\" type=\"button\"  title=\"Kar\u015f\u0131la\u015ft\u0131rma listesine ekle\" onclick=\"compare.add('221');\"><span>Kar\u015f\u0131la\u015ft\u0131rma listesine ekle<\/span><\/button>\n\t\t\t\t\t\t\t\t\t\t\t\t\t<button class=\"button btn-quickview\" type=\"button\"  title=\"\" onclick=\"ocquickview.ajaxView('https:\/\/cskotomotiv.com\/kompresor?product_id=221')\"><span><\/span><\/button>\n\t\t\t\t\t\t\t\t\t\t\t\t<\/div>\n\t\t\t\t\t\t\t\t\t\t\t<\/div>\n\t\t\t\t\t\t\t\t\t\t<\/div>\n\t\t\t\t\t\t\t\t\t\t<div class=\"col-des\">\n\t\t\t\t\t\t\t\t\t\t\t<div class=\"caption\">\n\t\t\t\t\t\t\t\t\t\t\t\t\t\t\t\t\t\t\t\t\t\t\t\t<p class=\"manufacture-product\">\n\t\t\t\t\t\t\t\t\t\t\t\t\t<a href=\"https:\/\/cskotomotiv.com\/index.php?route=product\/manufacturer\/info&amp;manufacturer_id=8\">VISTEON<\/a>\n\t\t\t\t\t\t\t\t\t\t\t\t<\/p>\n\t\t\t\t\t\t\t\t\t\t\t\t          \t\t\t\t\t\t\t\t\n\t\t\t\t\t\t\t\t\t\t\t\t\t\t\t\t\t\t\t\t\t\t\t\t<h4 class=\"product-name\"><a href=\"https:\/\/cskotomotiv.com\/kompresor?product_id=221\">Klima Kompres\u00f6r\u00fc | Ford Mondeo IV (2007\u20132014) | OEM Uyumlu \u2013 6PK \u2013 12V<\/a><\/h4>\n\t\t\t\t\t\t\t\t\t\t\t\t\n\t\t\t\t\t\t\t\t\t\t\t\t\t\n\t\t\t\t\t\t\t\t\t\t\t\t<div class=\"price-box\">\n  <p class=\"price\">Bilgi Al\u0131n\u0131z<\/p>\n<\/div>\n\n\t\t\t\t\t\t\t\t\t\t\t\t<div class=\"product-des\">Bu klima kompres\u00f6r\u00fc, Ford Mondeo IV (2007\u20132014) model ara\u00e7larla tam uyumludur. 6PK kay\u0131\u015f yap\u0131s\u0131 ve 12V elektrik sistemiyle y\u00fcksek so\u011futma performans\u0131 sunar. OEM standartlar\u0131nda \u00fcre..<\/div>\n\t\t\t\t\t\t\t\t\t\t\t\t\t\t\t\t\t\t\t\t\t\t<\/div>\n\t\t\t\t\t\t\t\t\t\t<\/div>\n\t\t\t\t\t\t\t\t\t<\/div>\n\t\t\t\t\t\t\t\t<\/div>\n\t\t\t\t\t\t\t<\/div>\n\t\t\t\t\t\t\t<script type=\"text\/javascript\">\n\t\t\t\t\t\t\t\t$(document).ready(function() {\n\t\t\t\t\t\t\t\t\t$(\".product-list .item7 .caption\").append($('.product-list .item7 .action-links'));\n\t\t\t\t\t\t\t\t\t$('#grid-view').click(function() {\n\t\t\t\t\t\t\t\t\t\t$(\".item7 .images-container\").append($('.item7 .action-links'));\n\t\t\t\t\t\t\t\t\t});\n\t\t\t\t\t\t\t\t\t$('#list-view').click(function() {\n\t\t\t\t\t\t\t\t\t\t$(\".item7 .caption\").append($('.item7 .action-links'));\n\t\t\t\t\t\t\t\t\t});\n\t\t\t\t\t\t\t\t});\n\t\t\t\t\t\t\t<\/script>\n\t\t\t\t\t\t<\/div>\n\t\t\t\t\t\t\t\t\t\t\t\t\t\t\t\t\t\t<div class=\"product-layout product-list\">\n\t\t\t\t\t\t\t<div class=\"product-thumb\">\n\t\t\t\t\t\t\t\t<div class=\"item item8\">\n\t\t\t\t\t\t\t\t\t<div class=\"item-inner\">\t\t\n\t\t\t\t\t\t\t\t\t\t<div class=\"col-image\">\n\t\t\t\t\t\t\t\t\t\t\t<div class=\"image images-container\">\n\t\t\t\t\t\t\t\t\t\t\t\t<a href=\"https:\/\/cskotomotiv.com\/kompresor?product_id=212\" class=\"product-image\">\n\t\t\t\t\t\t\t\t\t\t\t\t\t<img src=\"https:\/\/cskotomotiv.com\/image\/cache\/catalog\/Foto\/VALEO%20815481-600x600.png\" alt=\"Klima Kompres\u00f6r\u00fc | Nissan Navara 2.3 dCi \u2013 MB X 250 d \u2013 Renault Alaskan | 6PK \u2013 12V \u2013 OEM Uyumlu\" title=\"Klima Kompres\u00f6r\u00fc | Nissan Navara 2.3 dCi \u2013 MB X 250 d \u2013 Renault Alaskan | 6PK \u2013 12V \u2013 OEM Uyumlu\" class=\"img-responsive\" \/>\n\t\t\t\t\t\t\t\t\t\t\t\t\t\t\t\t\t\t\t\t\t\t\t\t\t<\/a>\n\t\t\t\t\t\t\t\t\t\t\t\t\t\t\t\t\t\t\t\t\t\t\t\t\t\t\t\t\t\t\t\t\t\t\t\t<div class=\"action-links\">\n\t\t\t\t\t\t\t\t\t\t\t\t\t<button class=\"button btn-wishlist\" type=\"button\"  title=\"Al\u0131\u015fveri\u015f Listeme Ekle\" onclick=\"wishlist.add('212');\"><span>Al\u0131\u015fveri\u015f Listeme Ekle<\/span><\/button>\n\t\t\t\t\t\t\t\t\t\t\t\t\t<button class=\"button btn-compare\" type=\"button\"  title=\"Kar\u015f\u0131la\u015ft\u0131rma listesine ekle\" onclick=\"compare.add('212');\"><span>Kar\u015f\u0131la\u015ft\u0131rma listesine ekle<\/span><\/button>\n\t\t\t\t\t\t\t\t\t\t\t\t\t<button class=\"button btn-quickview\" type=\"button\"  title=\"\" onclick=\"ocquickview.ajaxView('https:\/\/cskotomotiv.com\/kompresor?product_id=212')\"><span><\/span><\/button>\n\t\t\t\t\t\t\t\t\t\t\t\t<\/div>\n\t\t\t\t\t\t\t\t\t\t\t<\/div>\n\t\t\t\t\t\t\t\t\t\t<\/div>\n\t\t\t\t\t\t\t\t\t\t<div class=\"col-des\">\n\t\t\t\t\t\t\t\t\t\t\t<div class=\"caption\">\n\t\t\t\t\t\t\t\t\t\t\t\t\t\t\t\t\t\t\t\t\t\t\t\t<p class=\"manufacture-product\">\n\t\t\t\t\t\t\t\t\t\t\t\t\t<a href=\"https:\/\/cskotomotiv.com\/index.php?route=product\/manufacturer\/info&amp;manufacturer_id=9\">VALEO<\/a>\n\t\t\t\t\t\t\t\t\t\t\t\t<\/p>\n\t\t\t\t\t\t\t\t\t\t\t\t          \t\t\t\t\t\t\t\t\n\t\t\t\t\t\t\t\t\t\t\t\t\t\t\t\t\t\t\t\t\t\t\t\t<h4 class=\"product-name\"><a href=\"https:\/\/cskotomotiv.com\/kompresor?product_id=212\">Klima Kompres\u00f6r\u00fc | Nissan Navara 2.3 dCi \u2013 MB X 250 d \u2013 Renault Alaskan | 6PK \u2013 12V \u2013 OEM Uyumlu<\/a><\/h4>\n\t\t\t\t\t\t\t\t\t\t\t\t\n\t\t\t\t\t\t\t\t\t\t\t\t\t\n\t\t\t\t\t\t\t\t\t\t\t\t<div class=\"price-box\">\n  <p class=\"price\">Bilgi Al\u0131n\u0131z<\/p>\n<\/div>\n\n\t\t\t\t\t\t\t\t\t\t\t\t<div class=\"product-des\">Bu klima kompres\u00f6r\u00fc, Nissan Navara 2.3 dCi (2015 ve sonras\u0131), Mercedes-Benz X 250 d (2017-2020) ve Renault Alaskan modelleriyle birebir uyumludur. 6PK kay\u0131\u015f tipine ve 12V gerilime ..<\/div>\n\t\t\t\t\t\t\t\t\t\t\t\t\t\t\t\t\t\t\t\t\t\t<\/div>\n\t\t\t\t\t\t\t\t\t\t<\/div>\n\t\t\t\t\t\t\t\t\t<\/div>\n\t\t\t\t\t\t\t\t<\/div>\n\t\t\t\t\t\t\t<\/div>\n\t\t\t\t\t\t\t<script type=\"text\/javascript\">\n\t\t\t\t\t\t\t\t$(document).ready(function() {\n\t\t\t\t\t\t\t\t\t$(\".product-list .item8 .caption\").append($('.product-list .item8 .action-links'));\n\t\t\t\t\t\t\t\t\t$('#grid-view').click(function() {\n\t\t\t\t\t\t\t\t\t\t$(\".item8 .images-container\").append($('.item8 .action-links'));\n\t\t\t\t\t\t\t\t\t});\n\t\t\t\t\t\t\t\t\t$('#list-view').click(function() {\n\t\t\t\t\t\t\t\t\t\t$(\".item8 .caption\").append($('.item8 .action-links'));\n\t\t\t\t\t\t\t\t\t});\n\t\t\t\t\t\t\t\t});\n\t\t\t\t\t\t\t<\/script>\n\t\t\t\t\t\t<\/div>\n\t\t\t\t\t\t\t\t\t\t\t\t\t\t\t\t\t\t<div class=\"product-layout product-list\">\n\t\t\t\t\t\t\t<div class=\"product-thumb\">\n\t\t\t\t\t\t\t\t<div class=\"item item9\">\n\t\t\t\t\t\t\t\t\t<div class=\"item-inner\">\t\t\n\t\t\t\t\t\t\t\t\t\t<div class=\"col-image\">\n\t\t\t\t\t\t\t\t\t\t\t<div class=\"image images-container\">\n\t\t\t\t\t\t\t\t\t\t\t\t<a href=\"https:\/\/cskotomotiv.com\/kompresor?product_id=213\" class=\"product-image\">\n\t\t\t\t\t\t\t\t\t\t\t\t\t<img src=\"https:\/\/cskotomotiv.com\/image\/cache\/catalog\/Foto\/VALEO%208450030964-600x600.png\" alt=\"Klima Kompres\u00f6r\u00fc | Nissan, Opel, Renault Trafik II 2.0 dCi (2006&gt;) | 6PK \u2013 12V \u2013 OEM Uyumlu\" title=\"Klima Kompres\u00f6r\u00fc | Nissan, Opel, Renault Trafik II 2.0 dCi (2006&gt;) | 6PK \u2013 12V \u2013 OEM Uyumlu\" class=\"img-responsive\" \/>\n\t\t\t\t\t\t\t\t\t\t\t\t\t\t\t\t\t\t\t\t\t\t\t\t\t<\/a>\n\t\t\t\t\t\t\t\t\t\t\t\t\t\t\t\t\t\t\t\t\t\t\t\t\t\t\t\t\t\t\t\t\t\t\t\t<div class=\"action-links\">\n\t\t\t\t\t\t\t\t\t\t\t\t\t<button class=\"button btn-wishlist\" type=\"button\"  title=\"Al\u0131\u015fveri\u015f Listeme Ekle\" onclick=\"wishlist.add('213');\"><span>Al\u0131\u015fveri\u015f Listeme Ekle<\/span><\/button>\n\t\t\t\t\t\t\t\t\t\t\t\t\t<button class=\"button btn-compare\" type=\"button\"  title=\"Kar\u015f\u0131la\u015ft\u0131rma listesine ekle\" onclick=\"compare.add('213');\"><span>Kar\u015f\u0131la\u015ft\u0131rma listesine ekle<\/span><\/button>\n\t\t\t\t\t\t\t\t\t\t\t\t\t<button class=\"button btn-quickview\" type=\"button\"  title=\"\" onclick=\"ocquickview.ajaxView('https:\/\/cskotomotiv.com\/kompresor?product_id=213')\"><span><\/span><\/button>\n\t\t\t\t\t\t\t\t\t\t\t\t<\/div>\n\t\t\t\t\t\t\t\t\t\t\t<\/div>\n\t\t\t\t\t\t\t\t\t\t<\/div>\n\t\t\t\t\t\t\t\t\t\t<div class=\"col-des\">\n\t\t\t\t\t\t\t\t\t\t\t<div class=\"caption\">\n\t\t\t\t\t\t\t\t\t\t\t\t\t\t\t\t\t\t\t\t\t\t\t\t<p class=\"manufacture-product\">\n\t\t\t\t\t\t\t\t\t\t\t\t\t<a href=\"https:\/\/cskotomotiv.com\/index.php?route=product\/manufacturer\/info&amp;manufacturer_id=9\">VALEO<\/a>\n\t\t\t\t\t\t\t\t\t\t\t\t<\/p>\n\t\t\t\t\t\t\t\t\t\t\t\t          \t\t\t\t\t\t\t\t\n\t\t\t\t\t\t\t\t\t\t\t\t\t\t\t\t\t\t\t\t\t\t\t\t<h4 class=\"product-name\"><a href=\"https:\/\/cskotomotiv.com\/kompresor?product_id=213\">Klima Kompres\u00f6r\u00fc | Nissan, Opel, Renault Trafik II 2.0 dCi (2006&gt;) | 6PK \u2013 12V \u2013 OEM Uyumlu<\/a><\/h4>\n\t\t\t\t\t\t\t\t\t\t\t\t\n\t\t\t\t\t\t\t\t\t\t\t\t\t\n\t\t\t\t\t\t\t\t\t\t\t\t<div class=\"price-box\">\n  <p class=\"price\">Bilgi Al\u0131n\u0131z<\/p>\n<\/div>\n\n\t\t\t\t\t\t\t\t\t\t\t\t<div class=\"product-des\">Bu klima kompres\u00f6r\u00fc, Nissan, Opel ve Renault Trafik II 2.0 dCi (2006 ve sonras\u0131) modelleriyle uyumludur. 6PK kay\u0131\u015f tipi ve 12V elektrik sistemiyle tasarlanm\u0131\u015f olup, y\u00fcksek performa..<\/div>\n\t\t\t\t\t\t\t\t\t\t\t\t\t\t\t\t\t\t\t\t\t\t<\/div>\n\t\t\t\t\t\t\t\t\t\t<\/div>\n\t\t\t\t\t\t\t\t\t<\/div>\n\t\t\t\t\t\t\t\t<\/div>\n\t\t\t\t\t\t\t<\/div>\n\t\t\t\t\t\t\t<script type=\"text\/javascript\">\n\t\t\t\t\t\t\t\t$(document).ready(function() {\n\t\t\t\t\t\t\t\t\t$(\".product-list .item9 .caption\").append($('.product-list .item9 .action-links'));\n\t\t\t\t\t\t\t\t\t$('#grid-view').click(function() {\n\t\t\t\t\t\t\t\t\t\t$(\".item9 .images-container\").append($('.item9 .action-links'));\n\t\t\t\t\t\t\t\t\t});\n\t\t\t\t\t\t\t\t\t$('#list-view').click(function() {\n\t\t\t\t\t\t\t\t\t\t$(\".item9 .caption\").append($('.item9 .action-links'));\n\t\t\t\t\t\t\t\t\t});\n\t\t\t\t\t\t\t\t});\n\t\t\t\t\t\t\t<\/script>\n\t\t\t\t\t\t<\/div>\n\t\t\t\t\t\t\t\t\t\t\t\t\t\t\t\t\t<\/div>\n                <\/div>\n                <div class=\"toolbar toolbar-products toolbar-bottom\">\n                    <div class=\"toolbar-amount\"><span>G\u00f6sterilen: 28 ile 36 aras\u0131, toplam: 96 (11 Sayfa)<\/span><\/div>\n\t\t\t\t\t<div class=\"pages\"><ul class=\"pagination\"><li><a href=\"https:\/\/cskotomotiv.com\/index.php?route=product\/category&path=299\">|&lt;<\/a><\/li><li><a href=\"https:\/\/cskotomotiv.com\/index.php?route=product\/category&path=299&amp;page=3\">&lt;<\/a><\/li><li><a href=\"https:\/\/cskotomotiv.com\/index.php?route=product\/category&path=299\">1<\/a><\/li><li><a href=\"https:\/\/cskotomotiv.com\/index.php?route=product\/category&path=299&amp;page=2\">2<\/a><\/li><li><a href=\"https:\/\/cskotomotiv.com\/index.php?route=product\/category&path=299&amp;page=3\">3<\/a><\/li><li class=\"active\"><span>4<\/span><\/li><li><a href=\"https:\/\/cskotomotiv.com\/index.php?route=product\/category&path=299&amp;page=5\">5<\/a><\/li><li><a href=\"https:\/\/cskotomotiv.com\/index.php?route=product\/category&path=299&amp;page=6\">6<\/a><\/li><li><a href=\"https:\/\/cskotomotiv.com\/index.php?route=product\/category&path=299&amp;page=7\">7<\/a><\/li><li><a href=\"https:\/\/cskotomotiv.com\/index.php?route=product\/category&path=299&amp;page=8\">8<\/a><\/li><li><a href=\"https:\/\/cskotomotiv.com\/index.php?route=product\/category&path=299&amp;page=9\">9<\/a><\/li><li><a href=\"https:\/\/cskotomotiv.com\/index.php?route=product\/category&path=299&amp;page=5\">&gt;<\/a><\/li><li><a href=\"https:\/\/cskotomotiv.com\/index.php?route=product\/category&path=299&amp;page=11\">&gt;|<\/a><\/li><\/ul><\/div>\n                <\/div>\n                                            <\/div>\n            <\/div>\n        <\/div><\/div>\n<\/div>\n<script type=\"text\/javascript\">\n$('body').addClass('product-category');\n<\/script>\n","filter_action":"https:\/\/cskotomotiv.com\/index.php?route=extension\/module\/oclayerednavigation\/category&path=299","price_action":"https:\/\/cskotomotiv.com\/index.php?route=extension\/module\/oclayerednavigation\/category&path=299","layered_html":"<div class=\"list-group\">\n    <div class=\"filter-attribute-container filter-attribute-remove-container\">\n                            <\/div>\n    <div class=\"filter-attribute-container\">\n        <label>Price<\/label>\n        <div class=\"list-group-item\">\n            <div class=\"filter-price\">\n                <div id=\"slider-price\"><\/div>\n                <div class=\"slider-values\">\n                    <span><\/span>\n                    <input id=\"price-from\" disabled=\"disabled\" class=\"input-price\" type=\"text\" value=\"0\" placeholder=\"Min\" name=\"price-from\"\/>\n                    <span>\u20ba<\/span> -\n                    <span><\/span>\n                    <input id=\"price-to\" disabled=\"disabled\" class=\"input-price\" type=\"text\" value=\"999\" placeholder=\"Max\" name=\"price-to\" \/>\n                    <span>\u20ba<\/span>\n                <\/div>\n            <\/div>\n        <\/div>\n    <\/div>\n    <\/div>\n"}