{"result_html":"\n<div class=\"container layer-category\">\n    <div class=\"layered-navigation-block\"><\/div> \n    <div class=\"ajax-loader\">\n        <img src=\"\" alt=\"\" \/>\n    <\/div>\n    <ul class=\"breadcrumb\">\n            <\/ul>\n    <div class=\"row\"><div class=\"col-order\">\n                                    <div id=\"content\" class=\"col-sm-12\">\n\t\t\t<h1 class=\"category-name\"><\/h1>\n\t\t\t<div class=\"category-info\">\n            \t\t\t<\/div>\n                        <div class=\"custom-category\">\n                                <div><a href=\"https:\/\/cskotomotiv.com\/index.php?route=product\/compare\" id=\"compare-total\">\u00dcr\u00fcn Kar\u015f\u0131la\u015ft\u0131r (0)<\/a><\/div>\n\t\t\t\t<div class=\"toolbar toolbar-products toolbar-top\">\n\t\t\t\t\t<div class=\"modes\">\n\t\t\t\t\t\t<div class=\"btn-group\">\n\t\t\t\t\t\t\t<button type=\"button\" id=\"grid-view\" class=\"btn\"><i class=\"fa fa-th\"><\/i><\/button>\n\t\t\t\t\t\t\t<button type=\"button\" id=\"list-view\" class=\"btn\"><i class=\"fa fa-th-list\"><\/i><\/button>\n\t\t\t\t\t\t<\/div>\n\t\t\t\t\t<\/div>\n\t\t\t\t\t<div class=\"toolbar-amount\">\n\t\t\t\t\t\t<span>G\u00f6sterilen: 37 ile 45 aras\u0131, toplam: 96 (11 Sayfa)<\/span>\n\t\t\t\t\t<\/div>\n\t\t\t\t\t<div class=\"sorter\">\n\t\t\t\t\t\t<label>S\u0131rala:<\/label>\n\t\t\t\t\t\t<select id=\"input-sort\" class=\"form-control\" onchange=\"oclayerednavigationajax.filter(this.value)\">\n\t\t\t\t\t\t\t\t\t\t\t\t\t\t\t\t\t\t\t\t\t\t\t\t<option value=\"https:\/\/cskotomotiv.com\/index.php?route=extension\/module\/oclayerednavigation\/category&path=299&sort=p.sort_order&order=ASC\" selected=\"selected\">Varsay\u0131lan<\/option>\n\t\t\t\t\t\t\t\t\t\t\t\t\t\t\t\t\t\t\t\t\t\t\t\t\t\t\t\t\t\t\t\t<option value=\"https:\/\/cskotomotiv.com\/index.php?route=extension\/module\/oclayerednavigation\/category&path=299&sort=pd.name&order=ASC\">\u00dcr\u00fcn Ad\u0131 (A - Z)<\/option>\n\t\t\t\t\t\t\t\t\t\t\t\t\t\t\t\t\t\t\t\t\t\t\t\t\t\t\t\t\t\t\t\t<option value=\"https:\/\/cskotomotiv.com\/index.php?route=extension\/module\/oclayerednavigation\/category&path=299&sort=pd.name&order=DESC\">\u00dcr\u00fcn Ad\u0131 (Z - A)<\/option>\n\t\t\t\t\t\t\t\t\t\t\t\t\t\t\t\t\t\t\t\t\t\t\t\t\t\t\t\t\t\t\t\t<option value=\"https:\/\/cskotomotiv.com\/index.php?route=extension\/module\/oclayerednavigation\/category&path=299&sort=p.price&order=ASC\">Ucuzdan &gt; Pahal\u0131ya<\/option>\n\t\t\t\t\t\t\t\t\t\t\t\t\t\t\t\t\t\t\t\t\t\t\t\t\t\t\t\t\t\t\t\t<option value=\"https:\/\/cskotomotiv.com\/index.php?route=extension\/module\/oclayerednavigation\/category&path=299&sort=p.price&order=DESC\">Pahal\u0131dan &gt; Ucuza<\/option>\n\t\t\t\t\t\t\t\t\t\t\t\t\t\t\t\t\t\t\t\t\t\t\t\t\t\t\t\t\t\t\t\t<option value=\"https:\/\/cskotomotiv.com\/index.php?route=extension\/module\/oclayerednavigation\/category&path=299&sort=rating&order=DESC\">Y\u00fcksek Oylama<\/option>\n\t\t\t\t\t\t\t\t\t\t\t\t\t\t\t\t\t\t\t\t\t\t\t\t\t\t\t\t\t\t\t\t<option value=\"https:\/\/cskotomotiv.com\/index.php?route=extension\/module\/oclayerednavigation\/category&path=299&sort=rating&order=ASC\">D\u00fc\u015f\u00fck Oylama<\/option>\n\t\t\t\t\t\t\t\t\t\t\t\t\t\t\t\t\t\t\t\t\t\t\t\t\t\t\t\t\t\t\t\t<option value=\"https:\/\/cskotomotiv.com\/index.php?route=extension\/module\/oclayerednavigation\/category&path=299&sort=p.model&order=ASC\">\u00dcr\u00fcn Kodu (A - Z)<\/option>\n\t\t\t\t\t\t\t\t\t\t\t\t\t\t\t\t\t\t\t\t\t\t\t\t\t\t\t\t\t\t\t\t<option value=\"https:\/\/cskotomotiv.com\/index.php?route=extension\/module\/oclayerednavigation\/category&path=299&sort=p.model&order=DESC\">\u00dcr\u00fcn Kodu (Z - A)<\/option>\n\t\t\t\t\t\t\t\t\t\t\t\t\t\t\t\t\t\t\t\t\t<\/select>\n\t\t\t\t\t<\/div>\n\t\t\t\t\t\n\t\t\t\t<\/div>\n                <div class=\"custom-products\">\n                    <div class=\"row\">\n\t\t\t\t\t\t\t\t\t\t\t\t\t\t\t\t\t\t<div class=\"product-layout product-list\">\n\t\t\t\t\t\t\t<div class=\"product-thumb\">\n\t\t\t\t\t\t\t\t<div class=\"item item1\">\n\t\t\t\t\t\t\t\t\t<div class=\"item-inner\">\t\t\n\t\t\t\t\t\t\t\t\t\t<div class=\"col-image\">\n\t\t\t\t\t\t\t\t\t\t\t<div class=\"image images-container\">\n\t\t\t\t\t\t\t\t\t\t\t\t<a href=\"https:\/\/cskotomotiv.com\/kompresor?product_id=219\" class=\"product-image\">\n\t\t\t\t\t\t\t\t\t\t\t\t\t<img src=\"https:\/\/cskotomotiv.com\/image\/cache\/catalog\/Foto\/VALEO%209827529180-600x600.png\" alt=\"Klima Kompres\u00f6r\u00fc | Peugeot 308 (2012 &gt;) - Citro\u00ebn C3 | OEM Uyumlu \u2013 6PK \u2013 12V \u2013 Y\u00fcksek Verim\" title=\"Klima Kompres\u00f6r\u00fc | Peugeot 308 (2012 &gt;) - Citro\u00ebn C3 | OEM Uyumlu \u2013 6PK \u2013 12V \u2013 Y\u00fcksek Verim\" class=\"img-responsive\" \/>\n\t\t\t\t\t\t\t\t\t\t\t\t\t\t\t\t\t\t\t\t\t\t\t\t\t<\/a>\n\t\t\t\t\t\t\t\t\t\t\t\t\t\t\t\t\t\t\t\t\t\t\t\t\t\t\t\t\t\t\t\t\t\t\t\t\t<div class=\"label-product label_new\"><\/div>\n\t\t\t\t\t\t\t\t\t\t\t\t\t\t\t\t\t\t\t\t\t\t\t\t<div class=\"action-links\">\n\t\t\t\t\t\t\t\t\t\t\t\t\t<button class=\"button btn-wishlist\" type=\"button\"  title=\"Al\u0131\u015fveri\u015f Listeme Ekle\" onclick=\"wishlist.add('219');\"><span>Al\u0131\u015fveri\u015f Listeme Ekle<\/span><\/button>\n\t\t\t\t\t\t\t\t\t\t\t\t\t<button class=\"button btn-compare\" type=\"button\"  title=\"Kar\u015f\u0131la\u015ft\u0131rma listesine ekle\" onclick=\"compare.add('219');\"><span>Kar\u015f\u0131la\u015ft\u0131rma listesine ekle<\/span><\/button>\n\t\t\t\t\t\t\t\t\t\t\t\t\t<button class=\"button btn-quickview\" type=\"button\"  title=\"\" onclick=\"ocquickview.ajaxView('https:\/\/cskotomotiv.com\/kompresor?product_id=219')\"><span><\/span><\/button>\n\t\t\t\t\t\t\t\t\t\t\t\t<\/div>\n\t\t\t\t\t\t\t\t\t\t\t<\/div>\n\t\t\t\t\t\t\t\t\t\t<\/div>\n\t\t\t\t\t\t\t\t\t\t<div class=\"col-des\">\n\t\t\t\t\t\t\t\t\t\t\t<div class=\"caption\">\n\t\t\t\t\t\t\t\t\t\t\t\t\t\t\t\t\t\t\t\t\t\t\t\t<p class=\"manufacture-product\">\n\t\t\t\t\t\t\t\t\t\t\t\t\t<a href=\"https:\/\/cskotomotiv.com\/index.php?route=product\/manufacturer\/info&amp;manufacturer_id=9\">VALEO<\/a>\n\t\t\t\t\t\t\t\t\t\t\t\t<\/p>\n\t\t\t\t\t\t\t\t\t\t\t\t          \t\t\t\t\t\t\t\t\n\t\t\t\t\t\t\t\t\t\t\t\t\t\t\t\t\t\t\t\t\t\t\t\t<h4 class=\"product-name\"><a href=\"https:\/\/cskotomotiv.com\/kompresor?product_id=219\">Klima Kompres\u00f6r\u00fc | Peugeot 308 (2012 &gt;) - Citro\u00ebn C3 | OEM Uyumlu \u2013 6PK \u2013 12V \u2013 Y\u00fcksek Verim<\/a><\/h4>\n\t\t\t\t\t\t\t\t\t\t\t\t\n\t\t\t\t\t\t\t\t\t\t\t\t\t\n\t\t\t\t\t\t\t\t\t\t\t\t<div class=\"price-box\">\n  <p class=\"price\">Bilgi Al\u0131n\u0131z<\/p>\n<\/div>\n\n\t\t\t\t\t\t\t\t\t\t\t\t<div class=\"product-des\">Bu klima kompres\u00f6r\u00fc, Peugeot 308 (2012 ve sonras\u0131) ile Citro\u00ebn C3 modelleriyle tam uyumludur. 6PK kay\u0131\u015f tipine ve 12V voltaj sistemine sahiptir. OEM kalite standartlar\u0131nda \u00fcretilmi..<\/div>\n\t\t\t\t\t\t\t\t\t\t\t\t\t\t\t\t\t\t\t\t\t\t<\/div>\n\t\t\t\t\t\t\t\t\t\t<\/div>\n\t\t\t\t\t\t\t\t\t<\/div>\n\t\t\t\t\t\t\t\t<\/div>\n\t\t\t\t\t\t\t<\/div>\n\t\t\t\t\t\t\t<script type=\"text\/javascript\">\n\t\t\t\t\t\t\t\t$(document).ready(function() {\n\t\t\t\t\t\t\t\t\t$(\".product-list .item1 .caption\").append($('.product-list .item1 .action-links'));\n\t\t\t\t\t\t\t\t\t$('#grid-view').click(function() {\n\t\t\t\t\t\t\t\t\t\t$(\".item1 .images-container\").append($('.item1 .action-links'));\n\t\t\t\t\t\t\t\t\t});\n\t\t\t\t\t\t\t\t\t$('#list-view').click(function() {\n\t\t\t\t\t\t\t\t\t\t$(\".item1 .caption\").append($('.item1 .action-links'));\n\t\t\t\t\t\t\t\t\t});\n\t\t\t\t\t\t\t\t});\n\t\t\t\t\t\t\t<\/script>\n\t\t\t\t\t\t<\/div>\n\t\t\t\t\t\t\t\t\t\t\t\t\t\t\t\t\t\t<div class=\"product-layout product-list\">\n\t\t\t\t\t\t\t<div class=\"product-thumb\">\n\t\t\t\t\t\t\t\t<div class=\"item item2\">\n\t\t\t\t\t\t\t\t\t<div class=\"item-inner\">\t\t\n\t\t\t\t\t\t\t\t\t\t<div class=\"col-image\">\n\t\t\t\t\t\t\t\t\t\t\t<div class=\"image images-container\">\n\t\t\t\t\t\t\t\t\t\t\t\t<a href=\"https:\/\/cskotomotiv.com\/kompresor?product_id=215\" class=\"product-image\">\n\t\t\t\t\t\t\t\t\t\t\t\t\t<img src=\"https:\/\/cskotomotiv.com\/image\/cache\/catalog\/Foto\/VALEO%20926000050R-600x600.png\" alt=\"Klima Kompres\u00f6r\u00fc | Renault Clio 1.2 (2012 &gt;) | 4PK \u2013 112mm \u2013 12V \u2013 OEM Uyumlu\" title=\"Klima Kompres\u00f6r\u00fc | Renault Clio 1.2 (2012 &gt;) | 4PK \u2013 112mm \u2013 12V \u2013 OEM Uyumlu\" class=\"img-responsive\" \/>\n\t\t\t\t\t\t\t\t\t\t\t\t\t\t\t\t\t\t\t\t\t\t\t\t\t<\/a>\n\t\t\t\t\t\t\t\t\t\t\t\t\t\t\t\t\t\t\t\t\t\t\t\t\t\t\t\t\t\t\t\t\t\t\t\t\t<div class=\"label-product label_new\"><\/div>\n\t\t\t\t\t\t\t\t\t\t\t\t\t\t\t\t\t\t\t\t\t\t\t\t<div class=\"action-links\">\n\t\t\t\t\t\t\t\t\t\t\t\t\t<button class=\"button btn-wishlist\" type=\"button\"  title=\"Al\u0131\u015fveri\u015f Listeme Ekle\" onclick=\"wishlist.add('215');\"><span>Al\u0131\u015fveri\u015f Listeme Ekle<\/span><\/button>\n\t\t\t\t\t\t\t\t\t\t\t\t\t<button class=\"button btn-compare\" type=\"button\"  title=\"Kar\u015f\u0131la\u015ft\u0131rma listesine ekle\" onclick=\"compare.add('215');\"><span>Kar\u015f\u0131la\u015ft\u0131rma listesine ekle<\/span><\/button>\n\t\t\t\t\t\t\t\t\t\t\t\t\t<button class=\"button btn-quickview\" type=\"button\"  title=\"\" onclick=\"ocquickview.ajaxView('https:\/\/cskotomotiv.com\/kompresor?product_id=215')\"><span><\/span><\/button>\n\t\t\t\t\t\t\t\t\t\t\t\t<\/div>\n\t\t\t\t\t\t\t\t\t\t\t<\/div>\n\t\t\t\t\t\t\t\t\t\t<\/div>\n\t\t\t\t\t\t\t\t\t\t<div class=\"col-des\">\n\t\t\t\t\t\t\t\t\t\t\t<div class=\"caption\">\n\t\t\t\t\t\t\t\t\t\t\t\t\t\t\t\t\t\t\t\t\t\t\t\t<p class=\"manufacture-product\">\n\t\t\t\t\t\t\t\t\t\t\t\t\t<a href=\"https:\/\/cskotomotiv.com\/index.php?route=product\/manufacturer\/info&amp;manufacturer_id=9\">VALEO<\/a>\n\t\t\t\t\t\t\t\t\t\t\t\t<\/p>\n\t\t\t\t\t\t\t\t\t\t\t\t          \t\t\t\t\t\t\t\t\n\t\t\t\t\t\t\t\t\t\t\t\t\t\t\t\t\t\t\t\t\t\t\t\t<h4 class=\"product-name\"><a href=\"https:\/\/cskotomotiv.com\/kompresor?product_id=215\">Klima Kompres\u00f6r\u00fc | Renault Clio 1.2 (2012 &gt;) | 4PK \u2013 112mm \u2013 12V \u2013 OEM Uyumlu<\/a><\/h4>\n\t\t\t\t\t\t\t\t\t\t\t\t\n\t\t\t\t\t\t\t\t\t\t\t\t\t\n\t\t\t\t\t\t\t\t\t\t\t\t<div class=\"price-box\">\n  <p class=\"price\">Bilgi Al\u0131n\u0131z<\/p>\n<\/div>\n\n\t\t\t\t\t\t\t\t\t\t\t\t<div class=\"product-des\">Bu klima kompres\u00f6r\u00fc, Renault Clio 1.2 (2012 ve sonras\u0131) modelleriyle tam uyumludur. 4PK kay\u0131\u015f yap\u0131s\u0131, 112mm kasnak \u00e7ap\u0131 ve 12V elektrik sistemi ile optimum performans sunar. OEM ka..<\/div>\n\t\t\t\t\t\t\t\t\t\t\t\t\t\t\t\t\t\t\t\t\t\t<\/div>\n\t\t\t\t\t\t\t\t\t\t<\/div>\n\t\t\t\t\t\t\t\t\t<\/div>\n\t\t\t\t\t\t\t\t<\/div>\n\t\t\t\t\t\t\t<\/div>\n\t\t\t\t\t\t\t<script type=\"text\/javascript\">\n\t\t\t\t\t\t\t\t$(document).ready(function() {\n\t\t\t\t\t\t\t\t\t$(\".product-list .item2 .caption\").append($('.product-list .item2 .action-links'));\n\t\t\t\t\t\t\t\t\t$('#grid-view').click(function() {\n\t\t\t\t\t\t\t\t\t\t$(\".item2 .images-container\").append($('.item2 .action-links'));\n\t\t\t\t\t\t\t\t\t});\n\t\t\t\t\t\t\t\t\t$('#list-view').click(function() {\n\t\t\t\t\t\t\t\t\t\t$(\".item2 .caption\").append($('.item2 .action-links'));\n\t\t\t\t\t\t\t\t\t});\n\t\t\t\t\t\t\t\t});\n\t\t\t\t\t\t\t<\/script>\n\t\t\t\t\t\t<\/div>\n\t\t\t\t\t\t\t\t\t\t\t\t\t\t\t\t\t\t<div class=\"product-layout product-list\">\n\t\t\t\t\t\t\t<div class=\"product-thumb\">\n\t\t\t\t\t\t\t\t<div class=\"item item3\">\n\t\t\t\t\t\t\t\t\t<div class=\"item-inner\">\t\t\n\t\t\t\t\t\t\t\t\t\t<div class=\"col-image\">\n\t\t\t\t\t\t\t\t\t\t\t<div class=\"image images-container\">\n\t\t\t\t\t\t\t\t\t\t\t\t<a href=\"https:\/\/cskotomotiv.com\/kompresor?product_id=194\" class=\"product-image\">\n\t\t\t\t\t\t\t\t\t\t\t\t\t<img src=\"https:\/\/cskotomotiv.com\/image\/cache\/catalog\/Foto\/SANDEN%208200953359-600x600.png\" alt=\"Klima Kompres\u00f6r\u00fc | Renault Clio III, Kangoo \u2013 Nissan Micra III, Note Uyumlu\" title=\"Klima Kompres\u00f6r\u00fc | Renault Clio III, Kangoo \u2013 Nissan Micra III, Note Uyumlu\" class=\"img-responsive\" \/>\n\t\t\t\t\t\t\t\t\t\t\t\t\t\t\t\t\t\t\t\t\t\t\t\t\t<\/a>\n\t\t\t\t\t\t\t\t\t\t\t\t\t\t\t\t\t\t\t\t\t\t\t\t\t\t\t\t\t\t\t\t\t\t\t\t<div class=\"action-links\">\n\t\t\t\t\t\t\t\t\t\t\t\t\t<button class=\"button btn-wishlist\" type=\"button\"  title=\"Al\u0131\u015fveri\u015f Listeme Ekle\" onclick=\"wishlist.add('194');\"><span>Al\u0131\u015fveri\u015f Listeme Ekle<\/span><\/button>\n\t\t\t\t\t\t\t\t\t\t\t\t\t<button class=\"button btn-compare\" type=\"button\"  title=\"Kar\u015f\u0131la\u015ft\u0131rma listesine ekle\" onclick=\"compare.add('194');\"><span>Kar\u015f\u0131la\u015ft\u0131rma listesine ekle<\/span><\/button>\n\t\t\t\t\t\t\t\t\t\t\t\t\t<button class=\"button btn-quickview\" type=\"button\"  title=\"\" onclick=\"ocquickview.ajaxView('https:\/\/cskotomotiv.com\/kompresor?product_id=194')\"><span><\/span><\/button>\n\t\t\t\t\t\t\t\t\t\t\t\t<\/div>\n\t\t\t\t\t\t\t\t\t\t\t<\/div>\n\t\t\t\t\t\t\t\t\t\t<\/div>\n\t\t\t\t\t\t\t\t\t\t<div class=\"col-des\">\n\t\t\t\t\t\t\t\t\t\t\t<div class=\"caption\">\n\t\t\t\t\t\t\t\t\t\t\t\t\t\t\t\t\t\t\t\t\t\t\t\t<p class=\"manufacture-product\">\n\t\t\t\t\t\t\t\t\t\t\t\t\t<a href=\"https:\/\/cskotomotiv.com\/index.php?route=product\/manufacturer\/info&amp;manufacturer_id=7\">SANDEN<\/a>\n\t\t\t\t\t\t\t\t\t\t\t\t<\/p>\n\t\t\t\t\t\t\t\t\t\t\t\t          \t\t\t\t\t\t\t\t\n\t\t\t\t\t\t\t\t\t\t\t\t\t\t\t\t\t\t\t\t\t\t\t\t<h4 class=\"product-name\"><a href=\"https:\/\/cskotomotiv.com\/kompresor?product_id=194\">Klima Kompres\u00f6r\u00fc | Renault Clio III, Kangoo \u2013 Nissan Micra III, Note Uyumlu<\/a><\/h4>\n\t\t\t\t\t\t\t\t\t\t\t\t\n\t\t\t\t\t\t\t\t\t\t\t\t\t\n\t\t\t\t\t\t\t\t\t\t\t\t<div class=\"price-box\">\n  <p class=\"price\">Bilgi Al\u0131n\u0131z<\/p>\n<\/div>\n\n\t\t\t\t\t\t\t\t\t\t\t\t<div class=\"product-des\">Renault Clio III, Kangoo ve Nissan Micra III, Note modelleriyle tam uyumlu klima kompres\u00f6r\u00fc. Binek ara\u00e7lar i\u00e7in \u00f6zel olarak tasarlanm\u0131\u015f bu model, y\u00fcksek verimlilikte so\u011futma sunar...<\/div>\n\t\t\t\t\t\t\t\t\t\t\t\t\t\t\t\t\t\t\t\t\t\t<\/div>\n\t\t\t\t\t\t\t\t\t\t<\/div>\n\t\t\t\t\t\t\t\t\t<\/div>\n\t\t\t\t\t\t\t\t<\/div>\n\t\t\t\t\t\t\t<\/div>\n\t\t\t\t\t\t\t<script type=\"text\/javascript\">\n\t\t\t\t\t\t\t\t$(document).ready(function() {\n\t\t\t\t\t\t\t\t\t$(\".product-list .item3 .caption\").append($('.product-list .item3 .action-links'));\n\t\t\t\t\t\t\t\t\t$('#grid-view').click(function() {\n\t\t\t\t\t\t\t\t\t\t$(\".item3 .images-container\").append($('.item3 .action-links'));\n\t\t\t\t\t\t\t\t\t});\n\t\t\t\t\t\t\t\t\t$('#list-view').click(function() {\n\t\t\t\t\t\t\t\t\t\t$(\".item3 .caption\").append($('.item3 .action-links'));\n\t\t\t\t\t\t\t\t\t});\n\t\t\t\t\t\t\t\t});\n\t\t\t\t\t\t\t<\/script>\n\t\t\t\t\t\t<\/div>\n\t\t\t\t\t\t\t\t\t\t\t\t\t\t\t\t\t\t<div class=\"product-layout product-list\">\n\t\t\t\t\t\t\t<div class=\"product-thumb\">\n\t\t\t\t\t\t\t\t<div class=\"item item4\">\n\t\t\t\t\t\t\t\t\t<div class=\"item-inner\">\t\t\n\t\t\t\t\t\t\t\t\t\t<div class=\"col-image\">\n\t\t\t\t\t\t\t\t\t\t\t<div class=\"image images-container\">\n\t\t\t\t\t\t\t\t\t\t\t\t<a href=\"https:\/\/cskotomotiv.com\/kompresor?product_id=217\" class=\"product-image\">\n\t\t\t\t\t\t\t\t\t\t\t\t\t<img src=\"https:\/\/cskotomotiv.com\/image\/cache\/catalog\/Foto\/VALEO%20926005154R-600x600.png\" alt=\"Klima Kompres\u00f6r\u00fc | Renault Clio IV - Symbol 1.5 dCi (2016 &gt;) - Dacia Sandero | 115mm \u2013 6PK \u2013 12V \u2013 OEM Uyumlu\" title=\"Klima Kompres\u00f6r\u00fc | Renault Clio IV - Symbol 1.5 dCi (2016 &gt;) - Dacia Sandero | 115mm \u2013 6PK \u2013 12V \u2013 OEM Uyumlu\" class=\"img-responsive\" \/>\n\t\t\t\t\t\t\t\t\t\t\t\t\t\t\t\t\t\t\t\t\t\t\t\t\t<\/a>\n\t\t\t\t\t\t\t\t\t\t\t\t\t\t\t\t\t\t\t\t\t\t\t\t\t\t\t\t\t\t\t\t\t\t\t\t\t<div class=\"label-product label_new\"><\/div>\n\t\t\t\t\t\t\t\t\t\t\t\t\t\t\t\t\t\t\t\t\t\t\t\t<div class=\"action-links\">\n\t\t\t\t\t\t\t\t\t\t\t\t\t<button class=\"button btn-wishlist\" type=\"button\"  title=\"Al\u0131\u015fveri\u015f Listeme Ekle\" onclick=\"wishlist.add('217');\"><span>Al\u0131\u015fveri\u015f Listeme Ekle<\/span><\/button>\n\t\t\t\t\t\t\t\t\t\t\t\t\t<button class=\"button btn-compare\" type=\"button\"  title=\"Kar\u015f\u0131la\u015ft\u0131rma listesine ekle\" onclick=\"compare.add('217');\"><span>Kar\u015f\u0131la\u015ft\u0131rma listesine ekle<\/span><\/button>\n\t\t\t\t\t\t\t\t\t\t\t\t\t<button class=\"button btn-quickview\" type=\"button\"  title=\"\" onclick=\"ocquickview.ajaxView('https:\/\/cskotomotiv.com\/kompresor?product_id=217')\"><span><\/span><\/button>\n\t\t\t\t\t\t\t\t\t\t\t\t<\/div>\n\t\t\t\t\t\t\t\t\t\t\t<\/div>\n\t\t\t\t\t\t\t\t\t\t<\/div>\n\t\t\t\t\t\t\t\t\t\t<div class=\"col-des\">\n\t\t\t\t\t\t\t\t\t\t\t<div class=\"caption\">\n\t\t\t\t\t\t\t\t\t\t\t\t\t\t\t\t\t\t\t\t\t\t\t\t<p class=\"manufacture-product\">\n\t\t\t\t\t\t\t\t\t\t\t\t\t<a href=\"https:\/\/cskotomotiv.com\/index.php?route=product\/manufacturer\/info&amp;manufacturer_id=9\">VALEO<\/a>\n\t\t\t\t\t\t\t\t\t\t\t\t<\/p>\n\t\t\t\t\t\t\t\t\t\t\t\t          \t\t\t\t\t\t\t\t\n\t\t\t\t\t\t\t\t\t\t\t\t\t\t\t\t\t\t\t\t\t\t\t\t<h4 class=\"product-name\"><a href=\"https:\/\/cskotomotiv.com\/kompresor?product_id=217\">Klima Kompres\u00f6r\u00fc | Renault Clio IV - Symbol 1.5 dCi (2016 &gt;) - Dacia Sandero | 115mm \u2013 6PK \u2013 12V \u2013 OEM Uyumlu<\/a><\/h4>\n\t\t\t\t\t\t\t\t\t\t\t\t\n\t\t\t\t\t\t\t\t\t\t\t\t\t\n\t\t\t\t\t\t\t\t\t\t\t\t<div class=\"price-box\">\n  <p class=\"price\">Bilgi Al\u0131n\u0131z<\/p>\n<\/div>\n\n\t\t\t\t\t\t\t\t\t\t\t\t<div class=\"product-des\">Bu klima kompres\u00f6r\u00fc, Renault Clio IV, Symbol 1.5 dCi (2016 ve sonras\u0131) ve Dacia Sandero modelleriyle tam uyumludur. 115mm kasnak \u00e7ap\u0131, 6PK kay\u0131\u015f tipi ve 12V gerilimle \u00e7al\u0131\u015f\u0131r. Orij..<\/div>\n\t\t\t\t\t\t\t\t\t\t\t\t\t\t\t\t\t\t\t\t\t\t<\/div>\n\t\t\t\t\t\t\t\t\t\t<\/div>\n\t\t\t\t\t\t\t\t\t<\/div>\n\t\t\t\t\t\t\t\t<\/div>\n\t\t\t\t\t\t\t<\/div>\n\t\t\t\t\t\t\t<script type=\"text\/javascript\">\n\t\t\t\t\t\t\t\t$(document).ready(function() {\n\t\t\t\t\t\t\t\t\t$(\".product-list .item4 .caption\").append($('.product-list .item4 .action-links'));\n\t\t\t\t\t\t\t\t\t$('#grid-view').click(function() {\n\t\t\t\t\t\t\t\t\t\t$(\".item4 .images-container\").append($('.item4 .action-links'));\n\t\t\t\t\t\t\t\t\t});\n\t\t\t\t\t\t\t\t\t$('#list-view').click(function() {\n\t\t\t\t\t\t\t\t\t\t$(\".item4 .caption\").append($('.item4 .action-links'));\n\t\t\t\t\t\t\t\t\t});\n\t\t\t\t\t\t\t\t});\n\t\t\t\t\t\t\t<\/script>\n\t\t\t\t\t\t<\/div>\n\t\t\t\t\t\t\t\t\t\t\t\t\t\t\t\t\t\t<div class=\"product-layout product-list\">\n\t\t\t\t\t\t\t<div class=\"product-thumb\">\n\t\t\t\t\t\t\t\t<div class=\"item item5\">\n\t\t\t\t\t\t\t\t\t<div class=\"item-inner\">\t\t\n\t\t\t\t\t\t\t\t\t\t<div class=\"col-image\">\n\t\t\t\t\t\t\t\t\t\t\t<div class=\"image images-container\">\n\t\t\t\t\t\t\t\t\t\t\t\t<a href=\"https:\/\/cskotomotiv.com\/kompresor?product_id=214\" class=\"product-image\">\n\t\t\t\t\t\t\t\t\t\t\t\t\t<img src=\"https:\/\/cskotomotiv.com\/image\/cache\/catalog\/Foto\/VALEO%2088310-F4010-600x600.png\" alt=\"Klima Kompres\u00f6r\u00fc | Toyota C-HR 1.2 Turbo (2016 &gt;) | 6PK \u2013 110mm \u2013 12V \u2013 OEM Uyumlu\" title=\"Klima Kompres\u00f6r\u00fc | Toyota C-HR 1.2 Turbo (2016 &gt;) | 6PK \u2013 110mm \u2013 12V \u2013 OEM Uyumlu\" class=\"img-responsive\" \/>\n\t\t\t\t\t\t\t\t\t\t\t\t\t\t\t\t\t\t\t\t\t\t\t\t\t<\/a>\n\t\t\t\t\t\t\t\t\t\t\t\t\t\t\t\t\t\t\t\t\t\t\t\t\t\t\t\t\t\t\t\t\t\t\t\t\t<div class=\"label-product label_new\"><\/div>\n\t\t\t\t\t\t\t\t\t\t\t\t\t\t\t\t\t\t\t\t\t\t\t\t<div class=\"action-links\">\n\t\t\t\t\t\t\t\t\t\t\t\t\t<button class=\"button btn-wishlist\" type=\"button\"  title=\"Al\u0131\u015fveri\u015f Listeme Ekle\" onclick=\"wishlist.add('214');\"><span>Al\u0131\u015fveri\u015f Listeme Ekle<\/span><\/button>\n\t\t\t\t\t\t\t\t\t\t\t\t\t<button class=\"button btn-compare\" type=\"button\"  title=\"Kar\u015f\u0131la\u015ft\u0131rma listesine ekle\" onclick=\"compare.add('214');\"><span>Kar\u015f\u0131la\u015ft\u0131rma listesine ekle<\/span><\/button>\n\t\t\t\t\t\t\t\t\t\t\t\t\t<button class=\"button btn-quickview\" type=\"button\"  title=\"\" onclick=\"ocquickview.ajaxView('https:\/\/cskotomotiv.com\/kompresor?product_id=214')\"><span><\/span><\/button>\n\t\t\t\t\t\t\t\t\t\t\t\t<\/div>\n\t\t\t\t\t\t\t\t\t\t\t<\/div>\n\t\t\t\t\t\t\t\t\t\t<\/div>\n\t\t\t\t\t\t\t\t\t\t<div class=\"col-des\">\n\t\t\t\t\t\t\t\t\t\t\t<div class=\"caption\">\n\t\t\t\t\t\t\t\t\t\t\t\t\t\t\t\t\t\t\t\t\t\t\t\t<p class=\"manufacture-product\">\n\t\t\t\t\t\t\t\t\t\t\t\t\t<a href=\"https:\/\/cskotomotiv.com\/index.php?route=product\/manufacturer\/info&amp;manufacturer_id=9\">VALEO<\/a>\n\t\t\t\t\t\t\t\t\t\t\t\t<\/p>\n\t\t\t\t\t\t\t\t\t\t\t\t          \t\t\t\t\t\t\t\t\n\t\t\t\t\t\t\t\t\t\t\t\t\t\t\t\t\t\t\t\t\t\t\t\t<h4 class=\"product-name\"><a href=\"https:\/\/cskotomotiv.com\/kompresor?product_id=214\">Klima Kompres\u00f6r\u00fc | Toyota C-HR 1.2 Turbo (2016 &gt;) | 6PK \u2013 110mm \u2013 12V \u2013 OEM Uyumlu<\/a><\/h4>\n\t\t\t\t\t\t\t\t\t\t\t\t\n\t\t\t\t\t\t\t\t\t\t\t\t\t\n\t\t\t\t\t\t\t\t\t\t\t\t<div class=\"price-box\">\n  <p class=\"price\">Bilgi Al\u0131n\u0131z<\/p>\n<\/div>\n\n\t\t\t\t\t\t\t\t\t\t\t\t<div class=\"product-des\">Toyota C-HR 1.2 Turbo (2016 ve sonras\u0131) modeline birebir uyumlu bu klima kompres\u00f6r\u00fc, 6PK kay\u0131\u015f tipi, 110mm kasnak \u00e7ap\u0131 ve 12V sistemle y\u00fcksek verimlilik sa\u011flar. OEM kalite standart..<\/div>\n\t\t\t\t\t\t\t\t\t\t\t\t\t\t\t\t\t\t\t\t\t\t<\/div>\n\t\t\t\t\t\t\t\t\t\t<\/div>\n\t\t\t\t\t\t\t\t\t<\/div>\n\t\t\t\t\t\t\t\t<\/div>\n\t\t\t\t\t\t\t<\/div>\n\t\t\t\t\t\t\t<script type=\"text\/javascript\">\n\t\t\t\t\t\t\t\t$(document).ready(function() {\n\t\t\t\t\t\t\t\t\t$(\".product-list .item5 .caption\").append($('.product-list .item5 .action-links'));\n\t\t\t\t\t\t\t\t\t$('#grid-view').click(function() {\n\t\t\t\t\t\t\t\t\t\t$(\".item5 .images-container\").append($('.item5 .action-links'));\n\t\t\t\t\t\t\t\t\t});\n\t\t\t\t\t\t\t\t\t$('#list-view').click(function() {\n\t\t\t\t\t\t\t\t\t\t$(\".item5 .caption\").append($('.item5 .action-links'));\n\t\t\t\t\t\t\t\t\t});\n\t\t\t\t\t\t\t\t});\n\t\t\t\t\t\t\t<\/script>\n\t\t\t\t\t\t<\/div>\n\t\t\t\t\t\t\t\t\t\t\t\t\t\t\t\t\t\t<div class=\"product-layout product-list\">\n\t\t\t\t\t\t\t<div class=\"product-thumb\">\n\t\t\t\t\t\t\t\t<div class=\"item item6\">\n\t\t\t\t\t\t\t\t\t<div class=\"item-inner\">\t\t\n\t\t\t\t\t\t\t\t\t\t<div class=\"col-image\">\n\t\t\t\t\t\t\t\t\t\t\t<div class=\"image images-container\">\n\t\t\t\t\t\t\t\t\t\t\t\t<a href=\"https:\/\/cskotomotiv.com\/kompresor?product_id=187\" class=\"product-image\">\n\t\t\t\t\t\t\t\t\t\t\t\t\t<img src=\"https:\/\/cskotomotiv.com\/image\/cache\/catalog\/Foto\/SANDEN%205301-600x600.jpg\" alt=\"Komatsu Klima Kompres\u00f6r\u00fc | 5H14 Model \u2013 1PK, 24V, 146mm Kasnak\" title=\"Komatsu Klima Kompres\u00f6r\u00fc | 5H14 Model \u2013 1PK, 24V, 146mm Kasnak\" class=\"img-responsive\" \/>\n\t\t\t\t\t\t\t\t\t\t\t\t\t\t\t\t\t\t\t\t\t\t\t\t\t<\/a>\n\t\t\t\t\t\t\t\t\t\t\t\t\t\t\t\t\t\t\t\t\t\t\t\t\t\t\t\t\t\t\t\t\t\t\t\t<div class=\"action-links\">\n\t\t\t\t\t\t\t\t\t\t\t\t\t<button class=\"button btn-wishlist\" type=\"button\"  title=\"Al\u0131\u015fveri\u015f Listeme Ekle\" onclick=\"wishlist.add('187');\"><span>Al\u0131\u015fveri\u015f Listeme Ekle<\/span><\/button>\n\t\t\t\t\t\t\t\t\t\t\t\t\t<button class=\"button btn-compare\" type=\"button\"  title=\"Kar\u015f\u0131la\u015ft\u0131rma listesine ekle\" onclick=\"compare.add('187');\"><span>Kar\u015f\u0131la\u015ft\u0131rma listesine ekle<\/span><\/button>\n\t\t\t\t\t\t\t\t\t\t\t\t\t<button class=\"button btn-quickview\" type=\"button\"  title=\"\" onclick=\"ocquickview.ajaxView('https:\/\/cskotomotiv.com\/kompresor?product_id=187')\"><span><\/span><\/button>\n\t\t\t\t\t\t\t\t\t\t\t\t<\/div>\n\t\t\t\t\t\t\t\t\t\t\t<\/div>\n\t\t\t\t\t\t\t\t\t\t<\/div>\n\t\t\t\t\t\t\t\t\t\t<div class=\"col-des\">\n\t\t\t\t\t\t\t\t\t\t\t<div class=\"caption\">\n\t\t\t\t\t\t\t\t\t\t\t\t\t\t\t\t\t\t\t\t\t\t\t\t<p class=\"manufacture-product\">\n\t\t\t\t\t\t\t\t\t\t\t\t\t<a href=\"https:\/\/cskotomotiv.com\/index.php?route=product\/manufacturer\/info&amp;manufacturer_id=7\">SANDEN<\/a>\n\t\t\t\t\t\t\t\t\t\t\t\t<\/p>\n\t\t\t\t\t\t\t\t\t\t\t\t          \t\t\t\t\t\t\t\t\n\t\t\t\t\t\t\t\t\t\t\t\t\t\t\t\t\t\t\t\t\t\t\t\t<h4 class=\"product-name\"><a href=\"https:\/\/cskotomotiv.com\/kompresor?product_id=187\">Komatsu Klima Kompres\u00f6r\u00fc | 5H14 Model \u2013 1PK, 24V, 146mm Kasnak<\/a><\/h4>\n\t\t\t\t\t\t\t\t\t\t\t\t\n\t\t\t\t\t\t\t\t\t\t\t\t\t\n\t\t\t\t\t\t\t\t\t\t\t\t<div class=\"price-box\">\n  <p class=\"price\">Bilgi Al\u0131n\u0131z<\/p>\n<\/div>\n\n\t\t\t\t\t\t\t\t\t\t\t\t<div class=\"product-des\">Komatsu i\u015f makineleriyle uyumlu Sanden 5H14 model klima kompres\u00f6r\u00fc. 1PK kay\u0131\u015f tipi, 24V voltaj ve 146mm kasnak \u00e7ap\u0131na sahiptir. A\u011f\u0131r hizmet tipi kullan\u0131m i\u00e7in tasarlanm\u0131\u015f bu kompre..<\/div>\n\t\t\t\t\t\t\t\t\t\t\t\t\t\t\t\t\t\t\t\t\t\t<\/div>\n\t\t\t\t\t\t\t\t\t\t<\/div>\n\t\t\t\t\t\t\t\t\t<\/div>\n\t\t\t\t\t\t\t\t<\/div>\n\t\t\t\t\t\t\t<\/div>\n\t\t\t\t\t\t\t<script type=\"text\/javascript\">\n\t\t\t\t\t\t\t\t$(document).ready(function() {\n\t\t\t\t\t\t\t\t\t$(\".product-list .item6 .caption\").append($('.product-list .item6 .action-links'));\n\t\t\t\t\t\t\t\t\t$('#grid-view').click(function() {\n\t\t\t\t\t\t\t\t\t\t$(\".item6 .images-container\").append($('.item6 .action-links'));\n\t\t\t\t\t\t\t\t\t});\n\t\t\t\t\t\t\t\t\t$('#list-view').click(function() {\n\t\t\t\t\t\t\t\t\t\t$(\".item6 .caption\").append($('.item6 .action-links'));\n\t\t\t\t\t\t\t\t\t});\n\t\t\t\t\t\t\t\t});\n\t\t\t\t\t\t\t<\/script>\n\t\t\t\t\t\t<\/div>\n\t\t\t\t\t\t\t\t\t\t\t\t\t\t\t\t\t\t<div class=\"product-layout product-list\">\n\t\t\t\t\t\t\t<div class=\"product-thumb\">\n\t\t\t\t\t\t\t\t<div class=\"item item7\">\n\t\t\t\t\t\t\t\t\t<div class=\"item-inner\">\t\t\n\t\t\t\t\t\t\t\t\t\t<div class=\"col-image\">\n\t\t\t\t\t\t\t\t\t\t\t<div class=\"image images-container\">\n\t\t\t\t\t\t\t\t\t\t\t\t<a href=\"https:\/\/cskotomotiv.com\/kompresor?product_id=180\" class=\"product-image\">\n\t\t\t\t\t\t\t\t\t\t\t\t\t<img src=\"https:\/\/cskotomotiv.com\/image\/cache\/catalog\/Foto\/SANDEN%204095-C-600x600.jpg\" alt=\"Kompres\u00f6r CAT Sanden Tip 7H15 130mm 8PK 24V\" title=\"Kompres\u00f6r CAT Sanden Tip 7H15 130mm 8PK 24V\" class=\"img-responsive\" \/>\n\t\t\t\t\t\t\t\t\t\t\t\t\t\t\t\t\t\t\t\t\t\t\t\t\t<\/a>\n\t\t\t\t\t\t\t\t\t\t\t\t\t\t\t\t\t\t\t\t\t\t\t\t\t\t\t\t\t\t\t\t\t\t\t\t<div class=\"action-links\">\n\t\t\t\t\t\t\t\t\t\t\t\t\t<button class=\"button btn-wishlist\" type=\"button\"  title=\"Al\u0131\u015fveri\u015f Listeme Ekle\" onclick=\"wishlist.add('180');\"><span>Al\u0131\u015fveri\u015f Listeme Ekle<\/span><\/button>\n\t\t\t\t\t\t\t\t\t\t\t\t\t<button class=\"button btn-compare\" type=\"button\"  title=\"Kar\u015f\u0131la\u015ft\u0131rma listesine ekle\" onclick=\"compare.add('180');\"><span>Kar\u015f\u0131la\u015ft\u0131rma listesine ekle<\/span><\/button>\n\t\t\t\t\t\t\t\t\t\t\t\t\t<button class=\"button btn-quickview\" type=\"button\"  title=\"\" onclick=\"ocquickview.ajaxView('https:\/\/cskotomotiv.com\/kompresor?product_id=180')\"><span><\/span><\/button>\n\t\t\t\t\t\t\t\t\t\t\t\t<\/div>\n\t\t\t\t\t\t\t\t\t\t\t<\/div>\n\t\t\t\t\t\t\t\t\t\t<\/div>\n\t\t\t\t\t\t\t\t\t\t<div class=\"col-des\">\n\t\t\t\t\t\t\t\t\t\t\t<div class=\"caption\">\n\t\t\t\t\t\t\t\t\t\t\t\t\t\t\t\t\t\t\t\t\t\t\t\t<p class=\"manufacture-product\">\n\t\t\t\t\t\t\t\t\t\t\t\t\t<a href=\"https:\/\/cskotomotiv.com\/index.php?route=product\/manufacturer\/info&amp;manufacturer_id=7\">SANDEN<\/a>\n\t\t\t\t\t\t\t\t\t\t\t\t<\/p>\n\t\t\t\t\t\t\t\t\t\t\t\t          \t\t\t\t\t\t\t\t\n\t\t\t\t\t\t\t\t\t\t\t\t\t\t\t\t\t\t\t\t\t\t\t\t<h4 class=\"product-name\"><a href=\"https:\/\/cskotomotiv.com\/kompresor?product_id=180\">Kompres\u00f6r CAT Sanden Tip 7H15 130mm 8PK 24V<\/a><\/h4>\n\t\t\t\t\t\t\t\t\t\t\t\t\n\t\t\t\t\t\t\t\t\t\t\t\t\t\n\t\t\t\t\t\t\t\t\t\t\t\t<div class=\"price-box\">\n  <p class=\"price\">Bilgi Al\u0131n\u0131z<\/p>\n<\/div>\n\n\t\t\t\t\t\t\t\t\t\t\t\t<div class=\"product-des\">CAT marka a\u011f\u0131r vas\u0131ta ve i\u015f makineleri i\u00e7in \u00f6zel olarak tasarlanm\u0131\u015f Sanden Tip 7H15 klima kompres\u00f6r\u00fc. 130mm kasnak \u00e7ap\u0131 ve 8PK kay\u0131\u015f tipi ile y\u00fcksek performans sa\u011flar. 24V gerilim ..<\/div>\n\t\t\t\t\t\t\t\t\t\t\t\t\t\t\t\t\t\t\t\t\t\t<\/div>\n\t\t\t\t\t\t\t\t\t\t<\/div>\n\t\t\t\t\t\t\t\t\t<\/div>\n\t\t\t\t\t\t\t\t<\/div>\n\t\t\t\t\t\t\t<\/div>\n\t\t\t\t\t\t\t<script type=\"text\/javascript\">\n\t\t\t\t\t\t\t\t$(document).ready(function() {\n\t\t\t\t\t\t\t\t\t$(\".product-list .item7 .caption\").append($('.product-list .item7 .action-links'));\n\t\t\t\t\t\t\t\t\t$('#grid-view').click(function() {\n\t\t\t\t\t\t\t\t\t\t$(\".item7 .images-container\").append($('.item7 .action-links'));\n\t\t\t\t\t\t\t\t\t});\n\t\t\t\t\t\t\t\t\t$('#list-view').click(function() {\n\t\t\t\t\t\t\t\t\t\t$(\".item7 .caption\").append($('.item7 .action-links'));\n\t\t\t\t\t\t\t\t\t});\n\t\t\t\t\t\t\t\t});\n\t\t\t\t\t\t\t<\/script>\n\t\t\t\t\t\t<\/div>\n\t\t\t\t\t\t\t\t\t\t\t\t\t\t\t\t\t\t<div class=\"product-layout product-list\">\n\t\t\t\t\t\t\t<div class=\"product-thumb\">\n\t\t\t\t\t\t\t\t<div class=\"item item8\">\n\t\t\t\t\t\t\t\t\t<div class=\"item-inner\">\t\t\n\t\t\t\t\t\t\t\t\t\t<div class=\"col-image\">\n\t\t\t\t\t\t\t\t\t\t\t<div class=\"image images-container\">\n\t\t\t\t\t\t\t\t\t\t\t\t<a href=\"https:\/\/cskotomotiv.com\/kompresor?product_id=181\" class=\"product-image\">\n\t\t\t\t\t\t\t\t\t\t\t\t\t<img src=\"https:\/\/cskotomotiv.com\/image\/cache\/catalog\/Foto\/SANDEN%204311-600x600.png\" alt=\"Kompres\u00f6r Sanden 7H15 \u00dcstten \u00c7\u0131k\u0131\u015f \u0130nce-Kal\u0131n 152mm 2PK 24V\" title=\"Kompres\u00f6r Sanden 7H15 \u00dcstten \u00c7\u0131k\u0131\u015f \u0130nce-Kal\u0131n 152mm 2PK 24V\" class=\"img-responsive\" \/>\n\t\t\t\t\t\t\t\t\t\t\t\t\t\t\t\t\t\t\t\t\t\t\t\t\t<\/a>\n\t\t\t\t\t\t\t\t\t\t\t\t\t\t\t\t\t\t\t\t\t\t\t\t\t\t\t\t\t\t\t\t\t\t\t\t<div class=\"action-links\">\n\t\t\t\t\t\t\t\t\t\t\t\t\t<button class=\"button btn-wishlist\" type=\"button\"  title=\"Al\u0131\u015fveri\u015f Listeme Ekle\" onclick=\"wishlist.add('181');\"><span>Al\u0131\u015fveri\u015f Listeme Ekle<\/span><\/button>\n\t\t\t\t\t\t\t\t\t\t\t\t\t<button class=\"button btn-compare\" type=\"button\"  title=\"Kar\u015f\u0131la\u015ft\u0131rma listesine ekle\" onclick=\"compare.add('181');\"><span>Kar\u015f\u0131la\u015ft\u0131rma listesine ekle<\/span><\/button>\n\t\t\t\t\t\t\t\t\t\t\t\t\t<button class=\"button btn-quickview\" type=\"button\"  title=\"\" onclick=\"ocquickview.ajaxView('https:\/\/cskotomotiv.com\/kompresor?product_id=181')\"><span><\/span><\/button>\n\t\t\t\t\t\t\t\t\t\t\t\t<\/div>\n\t\t\t\t\t\t\t\t\t\t\t<\/div>\n\t\t\t\t\t\t\t\t\t\t<\/div>\n\t\t\t\t\t\t\t\t\t\t<div class=\"col-des\">\n\t\t\t\t\t\t\t\t\t\t\t<div class=\"caption\">\n\t\t\t\t\t\t\t\t\t\t\t\t\t\t\t\t\t\t\t\t\t\t\t\t<p class=\"manufacture-product\">\n\t\t\t\t\t\t\t\t\t\t\t\t\t<a href=\"https:\/\/cskotomotiv.com\/index.php?route=product\/manufacturer\/info&amp;manufacturer_id=7\">SANDEN<\/a>\n\t\t\t\t\t\t\t\t\t\t\t\t<\/p>\n\t\t\t\t\t\t\t\t\t\t\t\t          \t\t\t\t\t\t\t\t\n\t\t\t\t\t\t\t\t\t\t\t\t\t\t\t\t\t\t\t\t\t\t\t\t<h4 class=\"product-name\"><a href=\"https:\/\/cskotomotiv.com\/kompresor?product_id=181\">Kompres\u00f6r Sanden 7H15 \u00dcstten \u00c7\u0131k\u0131\u015f \u0130nce-Kal\u0131n 152mm 2PK 24V<\/a><\/h4>\n\t\t\t\t\t\t\t\t\t\t\t\t\n\t\t\t\t\t\t\t\t\t\t\t\t\t\n\t\t\t\t\t\t\t\t\t\t\t\t<div class=\"price-box\">\n  <p class=\"price\">Bilgi Al\u0131n\u0131z<\/p>\n<\/div>\n\n\t\t\t\t\t\t\t\t\t\t\t\t<div class=\"product-des\">Sanden 7H15 model, \u00fcstten \u00e7\u0131k\u0131\u015fl\u0131 klima kompres\u00f6r\u00fc; ince ve kal\u0131n hat ba\u011flant\u0131lar\u0131 ile y\u00fcksek uyumluluk sa\u011flar. 152mm kasnak \u00e7ap\u0131 ve 2PK kay\u0131\u015f tipi ile a\u011f\u0131r vas\u0131ta ve i\u015f makineleri..<\/div>\n\t\t\t\t\t\t\t\t\t\t\t\t\t\t\t\t\t\t\t\t\t\t<\/div>\n\t\t\t\t\t\t\t\t\t\t<\/div>\n\t\t\t\t\t\t\t\t\t<\/div>\n\t\t\t\t\t\t\t\t<\/div>\n\t\t\t\t\t\t\t<\/div>\n\t\t\t\t\t\t\t<script type=\"text\/javascript\">\n\t\t\t\t\t\t\t\t$(document).ready(function() {\n\t\t\t\t\t\t\t\t\t$(\".product-list .item8 .caption\").append($('.product-list .item8 .action-links'));\n\t\t\t\t\t\t\t\t\t$('#grid-view').click(function() {\n\t\t\t\t\t\t\t\t\t\t$(\".item8 .images-container\").append($('.item8 .action-links'));\n\t\t\t\t\t\t\t\t\t});\n\t\t\t\t\t\t\t\t\t$('#list-view').click(function() {\n\t\t\t\t\t\t\t\t\t\t$(\".item8 .caption\").append($('.item8 .action-links'));\n\t\t\t\t\t\t\t\t\t});\n\t\t\t\t\t\t\t\t});\n\t\t\t\t\t\t\t<\/script>\n\t\t\t\t\t\t<\/div>\n\t\t\t\t\t\t\t\t\t\t\t\t\t\t\t\t\t\t<div class=\"product-layout product-list\">\n\t\t\t\t\t\t\t<div class=\"product-thumb\">\n\t\t\t\t\t\t\t\t<div class=\"item item9\">\n\t\t\t\t\t\t\t\t\t<div class=\"item-inner\">\t\t\n\t\t\t\t\t\t\t\t\t\t<div class=\"col-image\">\n\t\t\t\t\t\t\t\t\t\t\t<div class=\"image images-container\">\n\t\t\t\t\t\t\t\t\t\t\t\t<a href=\"https:\/\/cskotomotiv.com\/kompresor?product_id=163\" class=\"product-image\">\n\t\t\t\t\t\t\t\t\t\t\t\t\t<img src=\"https:\/\/cskotomotiv.com\/image\/cache\/catalog\/Foto\/SANDEN%201694-600x600.jpg\" alt=\"Land Rover Range Rover 3.0 D - Jaguar Klima Kompres\u00f6r\u00fc 6PK 110mm\" title=\"Land Rover Range Rover 3.0 D - Jaguar Klima Kompres\u00f6r\u00fc 6PK 110mm\" class=\"img-responsive\" \/>\n\t\t\t\t\t\t\t\t\t\t\t\t\t\t\t\t\t\t\t\t\t\t\t\t\t<\/a>\n\t\t\t\t\t\t\t\t\t\t\t\t\t\t\t\t\t\t\t\t\t\t\t\t\t\t\t\t\t\t\t\t\t\t\t\t<div class=\"action-links\">\n\t\t\t\t\t\t\t\t\t\t\t\t\t<button class=\"button btn-wishlist\" type=\"button\"  title=\"Al\u0131\u015fveri\u015f Listeme Ekle\" onclick=\"wishlist.add('163');\"><span>Al\u0131\u015fveri\u015f Listeme Ekle<\/span><\/button>\n\t\t\t\t\t\t\t\t\t\t\t\t\t<button class=\"button btn-compare\" type=\"button\"  title=\"Kar\u015f\u0131la\u015ft\u0131rma listesine ekle\" onclick=\"compare.add('163');\"><span>Kar\u015f\u0131la\u015ft\u0131rma listesine ekle<\/span><\/button>\n\t\t\t\t\t\t\t\t\t\t\t\t\t<button class=\"button btn-quickview\" type=\"button\"  title=\"\" onclick=\"ocquickview.ajaxView('https:\/\/cskotomotiv.com\/kompresor?product_id=163')\"><span><\/span><\/button>\n\t\t\t\t\t\t\t\t\t\t\t\t<\/div>\n\t\t\t\t\t\t\t\t\t\t\t<\/div>\n\t\t\t\t\t\t\t\t\t\t<\/div>\n\t\t\t\t\t\t\t\t\t\t<div class=\"col-des\">\n\t\t\t\t\t\t\t\t\t\t\t<div class=\"caption\">\n\t\t\t\t\t\t\t\t\t\t\t\t\t\t\t\t\t\t\t\t\t\t\t\t<p class=\"manufacture-product\">\n\t\t\t\t\t\t\t\t\t\t\t\t\t<a href=\"https:\/\/cskotomotiv.com\/index.php?route=product\/manufacturer\/info&amp;manufacturer_id=7\">SANDEN<\/a>\n\t\t\t\t\t\t\t\t\t\t\t\t<\/p>\n\t\t\t\t\t\t\t\t\t\t\t\t          \t\t\t\t\t\t\t\t\n\t\t\t\t\t\t\t\t\t\t\t\t\t\t\t\t\t\t\t\t\t\t\t\t<h4 class=\"product-name\"><a href=\"https:\/\/cskotomotiv.com\/kompresor?product_id=163\">Land Rover Range Rover 3.0 D - Jaguar Klima Kompres\u00f6r\u00fc 6PK 110mm<\/a><\/h4>\n\t\t\t\t\t\t\t\t\t\t\t\t\n\t\t\t\t\t\t\t\t\t\t\t\t\t\n\t\t\t\t\t\t\t\t\t\t\t\t<div class=\"price-box\">\n  <p class=\"price\">Bilgi Al\u0131n\u0131z<\/p>\n<\/div>\n\n\t\t\t\t\t\t\t\t\t\t\t\t<div class=\"product-des\">Land Rover Range Rover 3.0 Dizel ve \u00e7e\u015fitli Jaguar modelleri ile uyumlu 6PK kay\u0131\u015f tipine ve 110mm kasnak \u00e7ap\u0131na sahip klima kompres\u00f6r\u00fc. OEM standartlar\u0131nda \u00fcretilmi\u015f bu par\u00e7a, klim..<\/div>\n\t\t\t\t\t\t\t\t\t\t\t\t\t\t\t\t\t\t\t\t\t\t<\/div>\n\t\t\t\t\t\t\t\t\t\t<\/div>\n\t\t\t\t\t\t\t\t\t<\/div>\n\t\t\t\t\t\t\t\t<\/div>\n\t\t\t\t\t\t\t<\/div>\n\t\t\t\t\t\t\t<script type=\"text\/javascript\">\n\t\t\t\t\t\t\t\t$(document).ready(function() {\n\t\t\t\t\t\t\t\t\t$(\".product-list .item9 .caption\").append($('.product-list .item9 .action-links'));\n\t\t\t\t\t\t\t\t\t$('#grid-view').click(function() {\n\t\t\t\t\t\t\t\t\t\t$(\".item9 .images-container\").append($('.item9 .action-links'));\n\t\t\t\t\t\t\t\t\t});\n\t\t\t\t\t\t\t\t\t$('#list-view').click(function() {\n\t\t\t\t\t\t\t\t\t\t$(\".item9 .caption\").append($('.item9 .action-links'));\n\t\t\t\t\t\t\t\t\t});\n\t\t\t\t\t\t\t\t});\n\t\t\t\t\t\t\t<\/script>\n\t\t\t\t\t\t<\/div>\n\t\t\t\t\t\t\t\t\t\t\t\t\t\t\t\t\t<\/div>\n                <\/div>\n                <div class=\"toolbar toolbar-products toolbar-bottom\">\n                    <div class=\"toolbar-amount\"><span>G\u00f6sterilen: 37 ile 45 aras\u0131, toplam: 96 (11 Sayfa)<\/span><\/div>\n\t\t\t\t\t<div class=\"pages\"><ul class=\"pagination\"><li><a href=\"https:\/\/cskotomotiv.com\/index.php?route=product\/category&path=299\">|&lt;<\/a><\/li><li><a href=\"https:\/\/cskotomotiv.com\/index.php?route=product\/category&path=299&amp;page=4\">&lt;<\/a><\/li><li><a href=\"https:\/\/cskotomotiv.com\/index.php?route=product\/category&path=299&amp;page=1\">1<\/a><\/li><li><a href=\"https:\/\/cskotomotiv.com\/index.php?route=product\/category&path=299&amp;page=2\">2<\/a><\/li><li><a href=\"https:\/\/cskotomotiv.com\/index.php?route=product\/category&path=299&amp;page=3\">3<\/a><\/li><li><a href=\"https:\/\/cskotomotiv.com\/index.php?route=product\/category&path=299&amp;page=4\">4<\/a><\/li><li class=\"active\"><span>5<\/span><\/li><li><a href=\"https:\/\/cskotomotiv.com\/index.php?route=product\/category&path=299&amp;page=6\">6<\/a><\/li><li><a href=\"https:\/\/cskotomotiv.com\/index.php?route=product\/category&path=299&amp;page=7\">7<\/a><\/li><li><a href=\"https:\/\/cskotomotiv.com\/index.php?route=product\/category&path=299&amp;page=8\">8<\/a><\/li><li><a href=\"https:\/\/cskotomotiv.com\/index.php?route=product\/category&path=299&amp;page=9\">9<\/a><\/li><li><a href=\"https:\/\/cskotomotiv.com\/index.php?route=product\/category&path=299&amp;page=6\">&gt;<\/a><\/li><li><a href=\"https:\/\/cskotomotiv.com\/index.php?route=product\/category&path=299&amp;page=11\">&gt;|<\/a><\/li><\/ul><\/div>\n                <\/div>\n                                            <\/div>\n            <\/div>\n        <\/div><\/div>\n<\/div>\n<script type=\"text\/javascript\">\n$('body').addClass('product-category');\n<\/script>\n","filter_action":"https:\/\/cskotomotiv.com\/index.php?route=extension\/module\/oclayerednavigation\/category&path=299","price_action":"https:\/\/cskotomotiv.com\/index.php?route=extension\/module\/oclayerednavigation\/category&path=299","layered_html":"<div class=\"list-group\">\n    <div class=\"filter-attribute-container filter-attribute-remove-container\">\n                            <\/div>\n    <div class=\"filter-attribute-container\">\n        <label>Price<\/label>\n        <div class=\"list-group-item\">\n            <div class=\"filter-price\">\n                <div id=\"slider-price\"><\/div>\n                <div class=\"slider-values\">\n                    <span><\/span>\n                    <input id=\"price-from\" disabled=\"disabled\" class=\"input-price\" type=\"text\" value=\"0\" placeholder=\"Min\" name=\"price-from\"\/>\n                    <span>\u20ba<\/span> -\n                    <span><\/span>\n                    <input id=\"price-to\" disabled=\"disabled\" class=\"input-price\" type=\"text\" value=\"999\" placeholder=\"Max\" name=\"price-to\" \/>\n                    <span>\u20ba<\/span>\n                <\/div>\n            <\/div>\n        <\/div>\n    <\/div>\n    <\/div>\n"}