{"result_html":"\n<div class=\"container layer-category\">\n    <div class=\"layered-navigation-block\"><\/div> \n    <div class=\"ajax-loader\">\n        <img src=\"\" alt=\"\" \/>\n    <\/div>\n    <ul class=\"breadcrumb\">\n            <\/ul>\n    <div class=\"row\"><div class=\"col-order\">\n                                    <div id=\"content\" class=\"col-sm-12\">\n\t\t\t<h1 class=\"category-name\"><\/h1>\n\t\t\t<div class=\"category-info\">\n            \t\t\t<\/div>\n                        <div class=\"custom-category\">\n                                <div><a href=\"https:\/\/cskotomotiv.com\/index.php?route=product\/compare\" id=\"compare-total\">\u00dcr\u00fcn Kar\u015f\u0131la\u015ft\u0131r (0)<\/a><\/div>\n\t\t\t\t<div class=\"toolbar toolbar-products toolbar-top\">\n\t\t\t\t\t<div class=\"modes\">\n\t\t\t\t\t\t<div class=\"btn-group\">\n\t\t\t\t\t\t\t<button type=\"button\" id=\"grid-view\" class=\"btn\"><i class=\"fa fa-th\"><\/i><\/button>\n\t\t\t\t\t\t\t<button type=\"button\" id=\"list-view\" class=\"btn\"><i class=\"fa fa-th-list\"><\/i><\/button>\n\t\t\t\t\t\t<\/div>\n\t\t\t\t\t<\/div>\n\t\t\t\t\t<div class=\"toolbar-amount\">\n\t\t\t\t\t\t<span>G\u00f6sterilen: 55 ile 63 aras\u0131, toplam: 96 (11 Sayfa)<\/span>\n\t\t\t\t\t<\/div>\n\t\t\t\t\t<div class=\"sorter\">\n\t\t\t\t\t\t<label>S\u0131rala:<\/label>\n\t\t\t\t\t\t<select id=\"input-sort\" class=\"form-control\" onchange=\"oclayerednavigationajax.filter(this.value)\">\n\t\t\t\t\t\t\t\t\t\t\t\t\t\t\t\t\t\t\t\t\t\t\t\t<option value=\"https:\/\/cskotomotiv.com\/index.php?route=extension\/module\/oclayerednavigation\/category&path=299&sort=p.sort_order&order=ASC\" selected=\"selected\">Varsay\u0131lan<\/option>\n\t\t\t\t\t\t\t\t\t\t\t\t\t\t\t\t\t\t\t\t\t\t\t\t\t\t\t\t\t\t\t\t<option value=\"https:\/\/cskotomotiv.com\/index.php?route=extension\/module\/oclayerednavigation\/category&path=299&sort=pd.name&order=ASC\">\u00dcr\u00fcn Ad\u0131 (A - Z)<\/option>\n\t\t\t\t\t\t\t\t\t\t\t\t\t\t\t\t\t\t\t\t\t\t\t\t\t\t\t\t\t\t\t\t<option value=\"https:\/\/cskotomotiv.com\/index.php?route=extension\/module\/oclayerednavigation\/category&path=299&sort=pd.name&order=DESC\">\u00dcr\u00fcn Ad\u0131 (Z - A)<\/option>\n\t\t\t\t\t\t\t\t\t\t\t\t\t\t\t\t\t\t\t\t\t\t\t\t\t\t\t\t\t\t\t\t<option value=\"https:\/\/cskotomotiv.com\/index.php?route=extension\/module\/oclayerednavigation\/category&path=299&sort=p.price&order=ASC\">Ucuzdan &gt; Pahal\u0131ya<\/option>\n\t\t\t\t\t\t\t\t\t\t\t\t\t\t\t\t\t\t\t\t\t\t\t\t\t\t\t\t\t\t\t\t<option value=\"https:\/\/cskotomotiv.com\/index.php?route=extension\/module\/oclayerednavigation\/category&path=299&sort=p.price&order=DESC\">Pahal\u0131dan &gt; Ucuza<\/option>\n\t\t\t\t\t\t\t\t\t\t\t\t\t\t\t\t\t\t\t\t\t\t\t\t\t\t\t\t\t\t\t\t<option value=\"https:\/\/cskotomotiv.com\/index.php?route=extension\/module\/oclayerednavigation\/category&path=299&sort=rating&order=DESC\">Y\u00fcksek Oylama<\/option>\n\t\t\t\t\t\t\t\t\t\t\t\t\t\t\t\t\t\t\t\t\t\t\t\t\t\t\t\t\t\t\t\t<option value=\"https:\/\/cskotomotiv.com\/index.php?route=extension\/module\/oclayerednavigation\/category&path=299&sort=rating&order=ASC\">D\u00fc\u015f\u00fck Oylama<\/option>\n\t\t\t\t\t\t\t\t\t\t\t\t\t\t\t\t\t\t\t\t\t\t\t\t\t\t\t\t\t\t\t\t<option value=\"https:\/\/cskotomotiv.com\/index.php?route=extension\/module\/oclayerednavigation\/category&path=299&sort=p.model&order=ASC\">\u00dcr\u00fcn Kodu (A - Z)<\/option>\n\t\t\t\t\t\t\t\t\t\t\t\t\t\t\t\t\t\t\t\t\t\t\t\t\t\t\t\t\t\t\t\t<option value=\"https:\/\/cskotomotiv.com\/index.php?route=extension\/module\/oclayerednavigation\/category&path=299&sort=p.model&order=DESC\">\u00dcr\u00fcn Kodu (Z - A)<\/option>\n\t\t\t\t\t\t\t\t\t\t\t\t\t\t\t\t\t\t\t\t\t<\/select>\n\t\t\t\t\t<\/div>\n\t\t\t\t\t\n\t\t\t\t<\/div>\n                <div class=\"custom-products\">\n                    <div class=\"row\">\n\t\t\t\t\t\t\t\t\t\t\t\t\t\t\t\t\t\t<div class=\"product-layout product-list\">\n\t\t\t\t\t\t\t<div class=\"product-thumb\">\n\t\t\t\t\t\t\t\t<div class=\"item item1\">\n\t\t\t\t\t\t\t\t\t<div class=\"item-inner\">\t\t\n\t\t\t\t\t\t\t\t\t\t<div class=\"col-image\">\n\t\t\t\t\t\t\t\t\t\t\t<div class=\"image images-container\">\n\t\t\t\t\t\t\t\t\t\t\t\t<a href=\"https:\/\/cskotomotiv.com\/kompresor?product_id=144\" class=\"product-image\">\n\t\t\t\t\t\t\t\t\t\t\t\t\t<img src=\"https:\/\/cskotomotiv.com\/image\/cache\/catalog\/Foto\/DENSO%20DCP17050-600x600.png\" alt=\"Mercedes Benz Vaneo &amp; A Serisi W168-A160 Klima Kompres\u00f6r\u00fc 116mm 5PK\" title=\"Mercedes Benz Vaneo &amp; A Serisi W168-A160 Klima Kompres\u00f6r\u00fc 116mm 5PK\" class=\"img-responsive\" \/>\n\t\t\t\t\t\t\t\t\t\t\t\t\t\t\t\t\t\t\t\t\t\t\t\t\t<\/a>\n\t\t\t\t\t\t\t\t\t\t\t\t\t\t\t\t\t\t\t\t\t\t\t\t\t\t\t\t\t\t\t\t\t\t\t\t<div class=\"action-links\">\n\t\t\t\t\t\t\t\t\t\t\t\t\t<button class=\"button btn-wishlist\" type=\"button\"  title=\"Al\u0131\u015fveri\u015f Listeme Ekle\" onclick=\"wishlist.add('144');\"><span>Al\u0131\u015fveri\u015f Listeme Ekle<\/span><\/button>\n\t\t\t\t\t\t\t\t\t\t\t\t\t<button class=\"button btn-compare\" type=\"button\"  title=\"Kar\u015f\u0131la\u015ft\u0131rma listesine ekle\" onclick=\"compare.add('144');\"><span>Kar\u015f\u0131la\u015ft\u0131rma listesine ekle<\/span><\/button>\n\t\t\t\t\t\t\t\t\t\t\t\t\t<button class=\"button btn-quickview\" type=\"button\"  title=\"\" onclick=\"ocquickview.ajaxView('https:\/\/cskotomotiv.com\/kompresor?product_id=144')\"><span><\/span><\/button>\n\t\t\t\t\t\t\t\t\t\t\t\t<\/div>\n\t\t\t\t\t\t\t\t\t\t\t<\/div>\n\t\t\t\t\t\t\t\t\t\t<\/div>\n\t\t\t\t\t\t\t\t\t\t<div class=\"col-des\">\n\t\t\t\t\t\t\t\t\t\t\t<div class=\"caption\">\n\t\t\t\t\t\t\t\t\t\t\t\t\t\t\t\t\t\t\t\t\t\t\t\t<p class=\"manufacture-product\">\n\t\t\t\t\t\t\t\t\t\t\t\t\t<a href=\"https:\/\/cskotomotiv.com\/index.php?route=product\/manufacturer\/info&amp;manufacturer_id=10\">DENSO<\/a>\n\t\t\t\t\t\t\t\t\t\t\t\t<\/p>\n\t\t\t\t\t\t\t\t\t\t\t\t          \t\t\t\t\t\t\t\t\n\t\t\t\t\t\t\t\t\t\t\t\t\t\t\t\t\t\t\t\t\t\t\t\t<h4 class=\"product-name\"><a href=\"https:\/\/cskotomotiv.com\/kompresor?product_id=144\">Mercedes Benz Vaneo &amp; A Serisi W168-A160 Klima Kompres\u00f6r\u00fc 116mm 5PK<\/a><\/h4>\n\t\t\t\t\t\t\t\t\t\t\t\t\n\t\t\t\t\t\t\t\t\t\t\t\t\t\n\t\t\t\t\t\t\t\t\t\t\t\t<div class=\"price-box\">\n  <p class=\"price\">Bilgi Al\u0131n\u0131z<\/p>\n<\/div>\n\n\t\t\t\t\t\t\t\t\t\t\t\t<div class=\"product-des\">Mercedes Benz Vaneo ve A Serisi W168 - A160 modellerine uygun 116mm \u00e7ap\u0131nda, 5PK kay\u0131\u015fl\u0131 klima kompres\u00f6r\u00fc, arac\u0131n\u0131z\u0131n klima sistemine g\u00fc\u00e7l\u00fc ve sessiz so\u011futma performans\u0131 sunar. Day..<\/div>\n\t\t\t\t\t\t\t\t\t\t\t\t\t\t\t\t\t\t\t\t\t\t<\/div>\n\t\t\t\t\t\t\t\t\t\t<\/div>\n\t\t\t\t\t\t\t\t\t<\/div>\n\t\t\t\t\t\t\t\t<\/div>\n\t\t\t\t\t\t\t<\/div>\n\t\t\t\t\t\t\t<script type=\"text\/javascript\">\n\t\t\t\t\t\t\t\t$(document).ready(function() {\n\t\t\t\t\t\t\t\t\t$(\".product-list .item1 .caption\").append($('.product-list .item1 .action-links'));\n\t\t\t\t\t\t\t\t\t$('#grid-view').click(function() {\n\t\t\t\t\t\t\t\t\t\t$(\".item1 .images-container\").append($('.item1 .action-links'));\n\t\t\t\t\t\t\t\t\t});\n\t\t\t\t\t\t\t\t\t$('#list-view').click(function() {\n\t\t\t\t\t\t\t\t\t\t$(\".item1 .caption\").append($('.item1 .action-links'));\n\t\t\t\t\t\t\t\t\t});\n\t\t\t\t\t\t\t\t});\n\t\t\t\t\t\t\t<\/script>\n\t\t\t\t\t\t<\/div>\n\t\t\t\t\t\t\t\t\t\t\t\t\t\t\t\t\t\t<div class=\"product-layout product-list\">\n\t\t\t\t\t\t\t<div class=\"product-thumb\">\n\t\t\t\t\t\t\t\t<div class=\"item item2\">\n\t\t\t\t\t\t\t\t\t<div class=\"item-inner\">\t\t\n\t\t\t\t\t\t\t\t\t\t<div class=\"col-image\">\n\t\t\t\t\t\t\t\t\t\t\t<div class=\"image images-container\">\n\t\t\t\t\t\t\t\t\t\t\t\t<a href=\"https:\/\/cskotomotiv.com\/kompresor?product_id=152\" class=\"product-image\">\n\t\t\t\t\t\t\t\t\t\t\t\t\t<img src=\"https:\/\/cskotomotiv.com\/image\/cache\/catalog\/Foto\/DENSO%20DCP17191-600x600.jpg\" alt=\"Mercedes Benz W213 E400 4MATIC 6PK 110mm Klima Kompres\u00f6r\u00fc\" title=\"Mercedes Benz W213 E400 4MATIC 6PK 110mm Klima Kompres\u00f6r\u00fc\" class=\"img-responsive\" \/>\n\t\t\t\t\t\t\t\t\t\t\t\t\t\t\t\t\t\t\t\t\t\t\t\t\t<\/a>\n\t\t\t\t\t\t\t\t\t\t\t\t\t\t\t\t\t\t\t\t\t\t\t\t\t\t\t\t\t\t\t\t\t\t\t\t<div class=\"action-links\">\n\t\t\t\t\t\t\t\t\t\t\t\t\t<button class=\"button btn-wishlist\" type=\"button\"  title=\"Al\u0131\u015fveri\u015f Listeme Ekle\" onclick=\"wishlist.add('152');\"><span>Al\u0131\u015fveri\u015f Listeme Ekle<\/span><\/button>\n\t\t\t\t\t\t\t\t\t\t\t\t\t<button class=\"button btn-compare\" type=\"button\"  title=\"Kar\u015f\u0131la\u015ft\u0131rma listesine ekle\" onclick=\"compare.add('152');\"><span>Kar\u015f\u0131la\u015ft\u0131rma listesine ekle<\/span><\/button>\n\t\t\t\t\t\t\t\t\t\t\t\t\t<button class=\"button btn-quickview\" type=\"button\"  title=\"\" onclick=\"ocquickview.ajaxView('https:\/\/cskotomotiv.com\/kompresor?product_id=152')\"><span><\/span><\/button>\n\t\t\t\t\t\t\t\t\t\t\t\t<\/div>\n\t\t\t\t\t\t\t\t\t\t\t<\/div>\n\t\t\t\t\t\t\t\t\t\t<\/div>\n\t\t\t\t\t\t\t\t\t\t<div class=\"col-des\">\n\t\t\t\t\t\t\t\t\t\t\t<div class=\"caption\">\n\t\t\t\t\t\t\t\t\t\t\t\t\t\t\t\t\t\t\t\t\t\t\t\t<p class=\"manufacture-product\">\n\t\t\t\t\t\t\t\t\t\t\t\t\t<a href=\"https:\/\/cskotomotiv.com\/index.php?route=product\/manufacturer\/info&amp;manufacturer_id=10\">DENSO<\/a>\n\t\t\t\t\t\t\t\t\t\t\t\t<\/p>\n\t\t\t\t\t\t\t\t\t\t\t\t          \t\t\t\t\t\t\t\t\n\t\t\t\t\t\t\t\t\t\t\t\t\t\t\t\t\t\t\t\t\t\t\t\t<h4 class=\"product-name\"><a href=\"https:\/\/cskotomotiv.com\/kompresor?product_id=152\">Mercedes Benz W213 E400 4MATIC 6PK 110mm Klima Kompres\u00f6r\u00fc<\/a><\/h4>\n\t\t\t\t\t\t\t\t\t\t\t\t\n\t\t\t\t\t\t\t\t\t\t\t\t\t\n\t\t\t\t\t\t\t\t\t\t\t\t<div class=\"price-box\">\n  <p class=\"price\">Bilgi Al\u0131n\u0131z<\/p>\n<\/div>\n\n\t\t\t\t\t\t\t\t\t\t\t\t<div class=\"product-des\">Mercedes Benz W213 E400 4MATIC modeli ile uyumlu 6PK kay\u0131\u015f tipine ve 110mm kasnak \u00e7ap\u0131na sahip klima kompres\u00f6r\u00fc. Y\u00fcksek performansl\u0131 so\u011futma sunar ve arac\u0131n\u0131z\u0131n klima sisteminin op..<\/div>\n\t\t\t\t\t\t\t\t\t\t\t\t\t\t\t\t\t\t\t\t\t\t<\/div>\n\t\t\t\t\t\t\t\t\t\t<\/div>\n\t\t\t\t\t\t\t\t\t<\/div>\n\t\t\t\t\t\t\t\t<\/div>\n\t\t\t\t\t\t\t<\/div>\n\t\t\t\t\t\t\t<script type=\"text\/javascript\">\n\t\t\t\t\t\t\t\t$(document).ready(function() {\n\t\t\t\t\t\t\t\t\t$(\".product-list .item2 .caption\").append($('.product-list .item2 .action-links'));\n\t\t\t\t\t\t\t\t\t$('#grid-view').click(function() {\n\t\t\t\t\t\t\t\t\t\t$(\".item2 .images-container\").append($('.item2 .action-links'));\n\t\t\t\t\t\t\t\t\t});\n\t\t\t\t\t\t\t\t\t$('#list-view').click(function() {\n\t\t\t\t\t\t\t\t\t\t$(\".item2 .caption\").append($('.item2 .action-links'));\n\t\t\t\t\t\t\t\t\t});\n\t\t\t\t\t\t\t\t});\n\t\t\t\t\t\t\t<\/script>\n\t\t\t\t\t\t<\/div>\n\t\t\t\t\t\t\t\t\t\t\t\t\t\t\t\t\t\t<div class=\"product-layout product-list\">\n\t\t\t\t\t\t\t<div class=\"product-thumb\">\n\t\t\t\t\t\t\t\t<div class=\"item item3\">\n\t\t\t\t\t\t\t\t\t<div class=\"item-inner\">\t\t\n\t\t\t\t\t\t\t\t\t\t<div class=\"col-image\">\n\t\t\t\t\t\t\t\t\t\t\t<div class=\"image images-container\">\n\t\t\t\t\t\t\t\t\t\t\t\t<a href=\"https:\/\/cskotomotiv.com\/kompresor?product_id=145\" class=\"product-image\">\n\t\t\t\t\t\t\t\t\t\t\t\t\t<img src=\"https:\/\/cskotomotiv.com\/image\/cache\/catalog\/Foto\/dcp17053-600x600.jpg\" alt=\"Mercedes Vito Klima Kompres\u00f6r\u00fc\" title=\"Mercedes Vito Klima Kompres\u00f6r\u00fc\" class=\"img-responsive\" \/>\n\t\t\t\t\t\t\t\t\t\t\t\t\t\t\t\t\t\t\t\t\t\t\t\t\t<\/a>\n\t\t\t\t\t\t\t\t\t\t\t\t\t\t\t\t\t\t\t\t\t\t\t\t\t\t\t\t\t\t\t\t\t\t\t\t<div class=\"action-links\">\n\t\t\t\t\t\t\t\t\t\t\t\t\t<button class=\"button btn-wishlist\" type=\"button\"  title=\"Al\u0131\u015fveri\u015f Listeme Ekle\" onclick=\"wishlist.add('145');\"><span>Al\u0131\u015fveri\u015f Listeme Ekle<\/span><\/button>\n\t\t\t\t\t\t\t\t\t\t\t\t\t<button class=\"button btn-compare\" type=\"button\"  title=\"Kar\u015f\u0131la\u015ft\u0131rma listesine ekle\" onclick=\"compare.add('145');\"><span>Kar\u015f\u0131la\u015ft\u0131rma listesine ekle<\/span><\/button>\n\t\t\t\t\t\t\t\t\t\t\t\t\t<button class=\"button btn-quickview\" type=\"button\"  title=\"\" onclick=\"ocquickview.ajaxView('https:\/\/cskotomotiv.com\/kompresor?product_id=145')\"><span><\/span><\/button>\n\t\t\t\t\t\t\t\t\t\t\t\t<\/div>\n\t\t\t\t\t\t\t\t\t\t\t<\/div>\n\t\t\t\t\t\t\t\t\t\t<\/div>\n\t\t\t\t\t\t\t\t\t\t<div class=\"col-des\">\n\t\t\t\t\t\t\t\t\t\t\t<div class=\"caption\">\n\t\t\t\t\t\t\t\t\t\t\t\t\t\t\t\t\t\t\t\t\t\t\t\t<p class=\"manufacture-product\">\n\t\t\t\t\t\t\t\t\t\t\t\t\t<a href=\"https:\/\/cskotomotiv.com\/index.php?route=product\/manufacturer\/info&amp;manufacturer_id=10\">DENSO<\/a>\n\t\t\t\t\t\t\t\t\t\t\t\t<\/p>\n\t\t\t\t\t\t\t\t\t\t\t\t          \t\t\t\t\t\t\t\t\n\t\t\t\t\t\t\t\t\t\t\t\t\t\t\t\t\t\t\t\t\t\t\t\t<h4 class=\"product-name\"><a href=\"https:\/\/cskotomotiv.com\/kompresor?product_id=145\">Mercedes Vito Klima Kompres\u00f6r\u00fc<\/a><\/h4>\n\t\t\t\t\t\t\t\t\t\t\t\t\n\t\t\t\t\t\t\t\t\t\t\t\t\t\n\t\t\t\t\t\t\t\t\t\t\t\t<div class=\"price-box\">\n  <p class=\"price\">Bilgi Al\u0131n\u0131z<\/p>\n<\/div>\n\n\t\t\t\t\t\t\t\t\t\t\t\t<div class=\"product-des\">Mercedes Vito modelleri i\u00e7in \u00f6zel olarak tasarlanm\u0131\u015f klima kompres\u00f6r\u00fc, arac\u0131n\u0131z\u0131n klima sisteminde \u00fcst\u00fcn so\u011futma performans\u0131 sa\u011flar. Dayan\u0131kl\u0131 ve sessiz \u00e7al\u0131\u015fma \u00f6zelli\u011fi ile yaz ay..<\/div>\n\t\t\t\t\t\t\t\t\t\t\t\t\t\t\t\t\t\t\t\t\t\t<\/div>\n\t\t\t\t\t\t\t\t\t\t<\/div>\n\t\t\t\t\t\t\t\t\t<\/div>\n\t\t\t\t\t\t\t\t<\/div>\n\t\t\t\t\t\t\t<\/div>\n\t\t\t\t\t\t\t<script type=\"text\/javascript\">\n\t\t\t\t\t\t\t\t$(document).ready(function() {\n\t\t\t\t\t\t\t\t\t$(\".product-list .item3 .caption\").append($('.product-list .item3 .action-links'));\n\t\t\t\t\t\t\t\t\t$('#grid-view').click(function() {\n\t\t\t\t\t\t\t\t\t\t$(\".item3 .images-container\").append($('.item3 .action-links'));\n\t\t\t\t\t\t\t\t\t});\n\t\t\t\t\t\t\t\t\t$('#list-view').click(function() {\n\t\t\t\t\t\t\t\t\t\t$(\".item3 .caption\").append($('.item3 .action-links'));\n\t\t\t\t\t\t\t\t\t});\n\t\t\t\t\t\t\t\t});\n\t\t\t\t\t\t\t<\/script>\n\t\t\t\t\t\t<\/div>\n\t\t\t\t\t\t\t\t\t\t\t\t\t\t\t\t\t\t<div class=\"product-layout product-list\">\n\t\t\t\t\t\t\t<div class=\"product-thumb\">\n\t\t\t\t\t\t\t\t<div class=\"item item4\">\n\t\t\t\t\t\t\t\t\t<div class=\"item-inner\">\t\t\n\t\t\t\t\t\t\t\t\t\t<div class=\"col-image\">\n\t\t\t\t\t\t\t\t\t\t\t<div class=\"image images-container\">\n\t\t\t\t\t\t\t\t\t\t\t\t<a href=\"https:\/\/cskotomotiv.com\/kompresor?product_id=203\" class=\"product-image\">\n\t\t\t\t\t\t\t\t\t\t\t\t\t<img src=\"https:\/\/cskotomotiv.com\/image\/cache\/catalog\/Foto\/SANDEN%20A0008303902-600x600.png\" alt=\"Mercedes-Benz C Serisi \/ GLC \/ Vito \/ V Serisi Klima Kompres\u00f6r\u00fc | OEM Uyumlu \u2013 6PK \u2013 12V\" title=\"Mercedes-Benz C Serisi \/ GLC \/ Vito \/ V Serisi Klima Kompres\u00f6r\u00fc | OEM Uyumlu \u2013 6PK \u2013 12V\" class=\"img-responsive\" \/>\n\t\t\t\t\t\t\t\t\t\t\t\t\t\t\t\t\t\t\t\t\t\t\t\t\t<\/a>\n\t\t\t\t\t\t\t\t\t\t\t\t\t\t\t\t\t\t\t\t\t\t\t\t\t\t\t\t\t\t\t\t\t\t\t\t<div class=\"action-links\">\n\t\t\t\t\t\t\t\t\t\t\t\t\t<button class=\"button btn-wishlist\" type=\"button\"  title=\"Al\u0131\u015fveri\u015f Listeme Ekle\" onclick=\"wishlist.add('203');\"><span>Al\u0131\u015fveri\u015f Listeme Ekle<\/span><\/button>\n\t\t\t\t\t\t\t\t\t\t\t\t\t<button class=\"button btn-compare\" type=\"button\"  title=\"Kar\u015f\u0131la\u015ft\u0131rma listesine ekle\" onclick=\"compare.add('203');\"><span>Kar\u015f\u0131la\u015ft\u0131rma listesine ekle<\/span><\/button>\n\t\t\t\t\t\t\t\t\t\t\t\t\t<button class=\"button btn-quickview\" type=\"button\"  title=\"\" onclick=\"ocquickview.ajaxView('https:\/\/cskotomotiv.com\/kompresor?product_id=203')\"><span><\/span><\/button>\n\t\t\t\t\t\t\t\t\t\t\t\t<\/div>\n\t\t\t\t\t\t\t\t\t\t\t<\/div>\n\t\t\t\t\t\t\t\t\t\t<\/div>\n\t\t\t\t\t\t\t\t\t\t<div class=\"col-des\">\n\t\t\t\t\t\t\t\t\t\t\t<div class=\"caption\">\n\t\t\t\t\t\t\t\t\t\t\t\t\t\t\t\t\t\t\t\t\t\t\t\t<p class=\"manufacture-product\">\n\t\t\t\t\t\t\t\t\t\t\t\t\t<a href=\"https:\/\/cskotomotiv.com\/index.php?route=product\/manufacturer\/info&amp;manufacturer_id=7\">SANDEN<\/a>\n\t\t\t\t\t\t\t\t\t\t\t\t<\/p>\n\t\t\t\t\t\t\t\t\t\t\t\t          \t\t\t\t\t\t\t\t\n\t\t\t\t\t\t\t\t\t\t\t\t\t\t\t\t\t\t\t\t\t\t\t\t<h4 class=\"product-name\"><a href=\"https:\/\/cskotomotiv.com\/kompresor?product_id=203\">Mercedes-Benz C Serisi \/ GLC \/ Vito \/ V Serisi Klima Kompres\u00f6r\u00fc | OEM Uyumlu \u2013 6PK \u2013 12V<\/a><\/h4>\n\t\t\t\t\t\t\t\t\t\t\t\t\n\t\t\t\t\t\t\t\t\t\t\t\t\t\n\t\t\t\t\t\t\t\t\t\t\t\t<div class=\"price-box\">\n  <p class=\"price\">Bilgi Al\u0131n\u0131z<\/p>\n<\/div>\n\n\t\t\t\t\t\t\t\t\t\t\t\t<div class=\"product-des\">Mercedes-Benz C Serisi, GLC SUV, Vito ticari ara\u00e7 ve V Serisi l\u00fcks minib\u00fcs modelleri i\u00e7in uyumlu y\u00fcksek performansl\u0131 klima kompres\u00f6r\u00fcd\u00fcr. 6PK kay\u0131\u015f tipine ve 12V elektrik sistemine..<\/div>\n\t\t\t\t\t\t\t\t\t\t\t\t\t\t\t\t\t\t\t\t\t\t<\/div>\n\t\t\t\t\t\t\t\t\t\t<\/div>\n\t\t\t\t\t\t\t\t\t<\/div>\n\t\t\t\t\t\t\t\t<\/div>\n\t\t\t\t\t\t\t<\/div>\n\t\t\t\t\t\t\t<script type=\"text\/javascript\">\n\t\t\t\t\t\t\t\t$(document).ready(function() {\n\t\t\t\t\t\t\t\t\t$(\".product-list .item4 .caption\").append($('.product-list .item4 .action-links'));\n\t\t\t\t\t\t\t\t\t$('#grid-view').click(function() {\n\t\t\t\t\t\t\t\t\t\t$(\".item4 .images-container\").append($('.item4 .action-links'));\n\t\t\t\t\t\t\t\t\t});\n\t\t\t\t\t\t\t\t\t$('#list-view').click(function() {\n\t\t\t\t\t\t\t\t\t\t$(\".item4 .caption\").append($('.item4 .action-links'));\n\t\t\t\t\t\t\t\t\t});\n\t\t\t\t\t\t\t\t});\n\t\t\t\t\t\t\t<\/script>\n\t\t\t\t\t\t<\/div>\n\t\t\t\t\t\t\t\t\t\t\t\t\t\t\t\t\t\t<div class=\"product-layout product-list\">\n\t\t\t\t\t\t\t<div class=\"product-thumb\">\n\t\t\t\t\t\t\t\t<div class=\"item item5\">\n\t\t\t\t\t\t\t\t\t<div class=\"item-inner\">\t\t\n\t\t\t\t\t\t\t\t\t\t<div class=\"col-image\">\n\t\t\t\t\t\t\t\t\t\t\t<div class=\"image images-container\">\n\t\t\t\t\t\t\t\t\t\t\t\t<a href=\"https:\/\/cskotomotiv.com\/kompresor?product_id=204\" class=\"product-image\">\n\t\t\t\t\t\t\t\t\t\t\t\t\t<img src=\"https:\/\/cskotomotiv.com\/image\/cache\/catalog\/Foto\/SANDEN%20A0008303902-600x600.png\" alt=\"Mercedes-Benz C Serisi Klima Kompres\u00f6r\u00fc | PXC14 Model \u2013 6PK \u2013 144mm \u2013 2016 ve Sonras\u0131\" title=\"Mercedes-Benz C Serisi Klima Kompres\u00f6r\u00fc | PXC14 Model \u2013 6PK \u2013 144mm \u2013 2016 ve Sonras\u0131\" class=\"img-responsive\" \/>\n\t\t\t\t\t\t\t\t\t\t\t\t\t\t\t\t\t\t\t\t\t\t\t\t\t<\/a>\n\t\t\t\t\t\t\t\t\t\t\t\t\t\t\t\t\t\t\t\t\t\t\t\t\t\t\t\t\t\t\t\t\t\t\t\t<div class=\"action-links\">\n\t\t\t\t\t\t\t\t\t\t\t\t\t<button class=\"button btn-wishlist\" type=\"button\"  title=\"Al\u0131\u015fveri\u015f Listeme Ekle\" onclick=\"wishlist.add('204');\"><span>Al\u0131\u015fveri\u015f Listeme Ekle<\/span><\/button>\n\t\t\t\t\t\t\t\t\t\t\t\t\t<button class=\"button btn-compare\" type=\"button\"  title=\"Kar\u015f\u0131la\u015ft\u0131rma listesine ekle\" onclick=\"compare.add('204');\"><span>Kar\u015f\u0131la\u015ft\u0131rma listesine ekle<\/span><\/button>\n\t\t\t\t\t\t\t\t\t\t\t\t\t<button class=\"button btn-quickview\" type=\"button\"  title=\"\" onclick=\"ocquickview.ajaxView('https:\/\/cskotomotiv.com\/kompresor?product_id=204')\"><span><\/span><\/button>\n\t\t\t\t\t\t\t\t\t\t\t\t<\/div>\n\t\t\t\t\t\t\t\t\t\t\t<\/div>\n\t\t\t\t\t\t\t\t\t\t<\/div>\n\t\t\t\t\t\t\t\t\t\t<div class=\"col-des\">\n\t\t\t\t\t\t\t\t\t\t\t<div class=\"caption\">\n\t\t\t\t\t\t\t\t\t\t\t\t\t\t\t\t\t\t\t\t\t\t\t\t<p class=\"manufacture-product\">\n\t\t\t\t\t\t\t\t\t\t\t\t\t<a href=\"https:\/\/cskotomotiv.com\/index.php?route=product\/manufacturer\/info&amp;manufacturer_id=7\">SANDEN<\/a>\n\t\t\t\t\t\t\t\t\t\t\t\t<\/p>\n\t\t\t\t\t\t\t\t\t\t\t\t          \t\t\t\t\t\t\t\t\n\t\t\t\t\t\t\t\t\t\t\t\t\t\t\t\t\t\t\t\t\t\t\t\t<h4 class=\"product-name\"><a href=\"https:\/\/cskotomotiv.com\/kompresor?product_id=204\">Mercedes-Benz C Serisi Klima Kompres\u00f6r\u00fc | PXC14 Model \u2013 6PK \u2013 144mm \u2013 2016 ve Sonras\u0131<\/a><\/h4>\n\t\t\t\t\t\t\t\t\t\t\t\t\n\t\t\t\t\t\t\t\t\t\t\t\t\t\n\t\t\t\t\t\t\t\t\t\t\t\t<div class=\"price-box\">\n  <p class=\"price\">Bilgi Al\u0131n\u0131z<\/p>\n<\/div>\n\n\t\t\t\t\t\t\t\t\t\t\t\t<div class=\"product-des\">&nbsp;&nbsp;&nbsp;&nbsp;Mercedes-Benz C Serisi (2016 ve sonras\u0131) ara\u00e7lara \u00f6zel PXC14 model klima kompres\u00f6r\u00fc. 144mm kasnak \u00e7ap\u0131 ve 6PK kay\u0131\u015f tipine sahip olan bu kompres\u00f6r, 12V sist..<\/div>\n\t\t\t\t\t\t\t\t\t\t\t\t\t\t\t\t\t\t\t\t\t\t<\/div>\n\t\t\t\t\t\t\t\t\t\t<\/div>\n\t\t\t\t\t\t\t\t\t<\/div>\n\t\t\t\t\t\t\t\t<\/div>\n\t\t\t\t\t\t\t<\/div>\n\t\t\t\t\t\t\t<script type=\"text\/javascript\">\n\t\t\t\t\t\t\t\t$(document).ready(function() {\n\t\t\t\t\t\t\t\t\t$(\".product-list .item5 .caption\").append($('.product-list .item5 .action-links'));\n\t\t\t\t\t\t\t\t\t$('#grid-view').click(function() {\n\t\t\t\t\t\t\t\t\t\t$(\".item5 .images-container\").append($('.item5 .action-links'));\n\t\t\t\t\t\t\t\t\t});\n\t\t\t\t\t\t\t\t\t$('#list-view').click(function() {\n\t\t\t\t\t\t\t\t\t\t$(\".item5 .caption\").append($('.item5 .action-links'));\n\t\t\t\t\t\t\t\t\t});\n\t\t\t\t\t\t\t\t});\n\t\t\t\t\t\t\t<\/script>\n\t\t\t\t\t\t<\/div>\n\t\t\t\t\t\t\t\t\t\t\t\t\t\t\t\t\t\t<div class=\"product-layout product-list\">\n\t\t\t\t\t\t\t<div class=\"product-thumb\">\n\t\t\t\t\t\t\t\t<div class=\"item item6\">\n\t\t\t\t\t\t\t\t\t<div class=\"item-inner\">\t\t\n\t\t\t\t\t\t\t\t\t\t<div class=\"col-image\">\n\t\t\t\t\t\t\t\t\t\t\t<div class=\"image images-container\">\n\t\t\t\t\t\t\t\t\t\t\t\t<a href=\"https:\/\/cskotomotiv.com\/kompresor?product_id=129\" class=\"product-image\">\n\t\t\t\t\t\t\t\t\t\t\t\t\t<img src=\"https:\/\/cskotomotiv.com\/image\/cache\/catalog\/Foto\/s-l1600-600x600.png\" alt=\"Mercedes-Benz C Serisi W205 - W206 Klima Kompres\u00f6r\u00fc\" title=\"Mercedes-Benz C Serisi W205 - W206 Klima Kompres\u00f6r\u00fc\" class=\"img-responsive\" \/>\n\t\t\t\t\t\t\t\t\t\t\t\t\t\t\t\t\t\t\t\t\t\t\t\t\t<\/a>\n\t\t\t\t\t\t\t\t\t\t\t\t\t\t\t\t\t\t\t\t\t\t\t\t\t\t\t\t\t\t\t\t\t\t\t\t<div class=\"action-links\">\n\t\t\t\t\t\t\t\t\t\t\t\t\t<button class=\"button btn-wishlist\" type=\"button\"  title=\"Al\u0131\u015fveri\u015f Listeme Ekle\" onclick=\"wishlist.add('129');\"><span>Al\u0131\u015fveri\u015f Listeme Ekle<\/span><\/button>\n\t\t\t\t\t\t\t\t\t\t\t\t\t<button class=\"button btn-compare\" type=\"button\"  title=\"Kar\u015f\u0131la\u015ft\u0131rma listesine ekle\" onclick=\"compare.add('129');\"><span>Kar\u015f\u0131la\u015ft\u0131rma listesine ekle<\/span><\/button>\n\t\t\t\t\t\t\t\t\t\t\t\t\t<button class=\"button btn-quickview\" type=\"button\"  title=\"\" onclick=\"ocquickview.ajaxView('https:\/\/cskotomotiv.com\/kompresor?product_id=129')\"><span><\/span><\/button>\n\t\t\t\t\t\t\t\t\t\t\t\t<\/div>\n\t\t\t\t\t\t\t\t\t\t\t<\/div>\n\t\t\t\t\t\t\t\t\t\t<\/div>\n\t\t\t\t\t\t\t\t\t\t<div class=\"col-des\">\n\t\t\t\t\t\t\t\t\t\t\t<div class=\"caption\">\n\t\t\t\t\t\t\t\t\t\t\t\t\t\t\t\t\t\t\t\t\t\t\t\t<p class=\"manufacture-product\">\n\t\t\t\t\t\t\t\t\t\t\t\t\t<a href=\"https:\/\/cskotomotiv.com\/index.php?route=product\/manufacturer\/info&amp;manufacturer_id=10\">DENSO<\/a>\n\t\t\t\t\t\t\t\t\t\t\t\t<\/p>\n\t\t\t\t\t\t\t\t\t\t\t\t          \t\t\t\t\t\t\t\t\n\t\t\t\t\t\t\t\t\t\t\t\t\t\t\t\t\t\t\t\t\t\t\t\t<h4 class=\"product-name\"><a href=\"https:\/\/cskotomotiv.com\/kompresor?product_id=129\">Mercedes-Benz C Serisi W205 - W206 Klima Kompres\u00f6r\u00fc<\/a><\/h4>\n\t\t\t\t\t\t\t\t\t\t\t\t\n\t\t\t\t\t\t\t\t\t\t\t\t\t\n\t\t\t\t\t\t\t\t\t\t\t\t<div class=\"price-box\">\n  <p class=\"price\">Bilgi Al\u0131n\u0131z<\/p>\n<\/div>\n\n\t\t\t\t\t\t\t\t\t\t\t\t<div class=\"product-des\">Mercedes-Benz C Serisi W205 ve W206 kasa tipi ara\u00e7lar i\u00e7in uyumlu klima kompres\u00f6r\u00fc. Y\u00fcksek verimli so\u011futma sistemiyle s\u00fcr\u00fc\u015f konforunu art\u0131r\u0131r. Dayan\u0131kl\u0131 yap\u0131s\u0131 ve sessiz \u00e7al\u0131\u015fmas\u0131y..<\/div>\n\t\t\t\t\t\t\t\t\t\t\t\t\t\t\t\t\t\t\t\t\t\t<\/div>\n\t\t\t\t\t\t\t\t\t\t<\/div>\n\t\t\t\t\t\t\t\t\t<\/div>\n\t\t\t\t\t\t\t\t<\/div>\n\t\t\t\t\t\t\t<\/div>\n\t\t\t\t\t\t\t<script type=\"text\/javascript\">\n\t\t\t\t\t\t\t\t$(document).ready(function() {\n\t\t\t\t\t\t\t\t\t$(\".product-list .item6 .caption\").append($('.product-list .item6 .action-links'));\n\t\t\t\t\t\t\t\t\t$('#grid-view').click(function() {\n\t\t\t\t\t\t\t\t\t\t$(\".item6 .images-container\").append($('.item6 .action-links'));\n\t\t\t\t\t\t\t\t\t});\n\t\t\t\t\t\t\t\t\t$('#list-view').click(function() {\n\t\t\t\t\t\t\t\t\t\t$(\".item6 .caption\").append($('.item6 .action-links'));\n\t\t\t\t\t\t\t\t\t});\n\t\t\t\t\t\t\t\t});\n\t\t\t\t\t\t\t<\/script>\n\t\t\t\t\t\t<\/div>\n\t\t\t\t\t\t\t\t\t\t\t\t\t\t\t\t\t\t<div class=\"product-layout product-list\">\n\t\t\t\t\t\t\t<div class=\"product-thumb\">\n\t\t\t\t\t\t\t\t<div class=\"item item7\">\n\t\t\t\t\t\t\t\t\t<div class=\"item-inner\">\t\t\n\t\t\t\t\t\t\t\t\t\t<div class=\"col-image\">\n\t\t\t\t\t\t\t\t\t\t\t<div class=\"image images-container\">\n\t\t\t\t\t\t\t\t\t\t\t\t<a href=\"https:\/\/cskotomotiv.com\/kompresor?product_id=197\" class=\"product-image\">\n\t\t\t\t\t\t\t\t\t\t\t\t\t<img src=\"https:\/\/cskotomotiv.com\/image\/cache\/catalog\/Foto\/SANDEN%208835-600x600.png\" alt=\"Mercedes-Benz CLA180d Klima Kompres\u00f6r\u00fc | 2019\u2192 Uyumlu \u2013 115mm Kasnak, 6PK, 12V\" title=\"Mercedes-Benz CLA180d Klima Kompres\u00f6r\u00fc | 2019\u2192 Uyumlu \u2013 115mm Kasnak, 6PK, 12V\" class=\"img-responsive\" \/>\n\t\t\t\t\t\t\t\t\t\t\t\t\t\t\t\t\t\t\t\t\t\t\t\t\t<\/a>\n\t\t\t\t\t\t\t\t\t\t\t\t\t\t\t\t\t\t\t\t\t\t\t\t\t\t\t\t\t\t\t\t\t\t\t\t<div class=\"action-links\">\n\t\t\t\t\t\t\t\t\t\t\t\t\t<button class=\"button btn-wishlist\" type=\"button\"  title=\"Al\u0131\u015fveri\u015f Listeme Ekle\" onclick=\"wishlist.add('197');\"><span>Al\u0131\u015fveri\u015f Listeme Ekle<\/span><\/button>\n\t\t\t\t\t\t\t\t\t\t\t\t\t<button class=\"button btn-compare\" type=\"button\"  title=\"Kar\u015f\u0131la\u015ft\u0131rma listesine ekle\" onclick=\"compare.add('197');\"><span>Kar\u015f\u0131la\u015ft\u0131rma listesine ekle<\/span><\/button>\n\t\t\t\t\t\t\t\t\t\t\t\t\t<button class=\"button btn-quickview\" type=\"button\"  title=\"\" onclick=\"ocquickview.ajaxView('https:\/\/cskotomotiv.com\/kompresor?product_id=197')\"><span><\/span><\/button>\n\t\t\t\t\t\t\t\t\t\t\t\t<\/div>\n\t\t\t\t\t\t\t\t\t\t\t<\/div>\n\t\t\t\t\t\t\t\t\t\t<\/div>\n\t\t\t\t\t\t\t\t\t\t<div class=\"col-des\">\n\t\t\t\t\t\t\t\t\t\t\t<div class=\"caption\">\n\t\t\t\t\t\t\t\t\t\t\t\t\t\t\t\t\t\t\t\t\t\t\t\t<p class=\"manufacture-product\">\n\t\t\t\t\t\t\t\t\t\t\t\t\t<a href=\"https:\/\/cskotomotiv.com\/index.php?route=product\/manufacturer\/info&amp;manufacturer_id=7\">SANDEN<\/a>\n\t\t\t\t\t\t\t\t\t\t\t\t<\/p>\n\t\t\t\t\t\t\t\t\t\t\t\t          \t\t\t\t\t\t\t\t\n\t\t\t\t\t\t\t\t\t\t\t\t\t\t\t\t\t\t\t\t\t\t\t\t<h4 class=\"product-name\"><a href=\"https:\/\/cskotomotiv.com\/kompresor?product_id=197\">Mercedes-Benz CLA180d Klima Kompres\u00f6r\u00fc | 2019\u2192 Uyumlu \u2013 115mm Kasnak, 6PK, 12V<\/a><\/h4>\n\t\t\t\t\t\t\t\t\t\t\t\t\n\t\t\t\t\t\t\t\t\t\t\t\t\t\n\t\t\t\t\t\t\t\t\t\t\t\t<div class=\"price-box\">\n  <p class=\"price\">Bilgi Al\u0131n\u0131z<\/p>\n<\/div>\n\n\t\t\t\t\t\t\t\t\t\t\t\t<div class=\"product-des\">Mercedes-Benz CLA180d (2019 ve sonras\u0131 modeller) ile uyumlu bu klima kompres\u00f6r\u00fc, 115mm kasnak \u00e7ap\u0131 ve 6PK kay\u0131\u015f tipine sahip olup, 12V sistemle \u00e7al\u0131\u015f\u0131r. Y\u00fcksek so\u011futma performans\u0131,..<\/div>\n\t\t\t\t\t\t\t\t\t\t\t\t\t\t\t\t\t\t\t\t\t\t<\/div>\n\t\t\t\t\t\t\t\t\t\t<\/div>\n\t\t\t\t\t\t\t\t\t<\/div>\n\t\t\t\t\t\t\t\t<\/div>\n\t\t\t\t\t\t\t<\/div>\n\t\t\t\t\t\t\t<script type=\"text\/javascript\">\n\t\t\t\t\t\t\t\t$(document).ready(function() {\n\t\t\t\t\t\t\t\t\t$(\".product-list .item7 .caption\").append($('.product-list .item7 .action-links'));\n\t\t\t\t\t\t\t\t\t$('#grid-view').click(function() {\n\t\t\t\t\t\t\t\t\t\t$(\".item7 .images-container\").append($('.item7 .action-links'));\n\t\t\t\t\t\t\t\t\t});\n\t\t\t\t\t\t\t\t\t$('#list-view').click(function() {\n\t\t\t\t\t\t\t\t\t\t$(\".item7 .caption\").append($('.item7 .action-links'));\n\t\t\t\t\t\t\t\t\t});\n\t\t\t\t\t\t\t\t});\n\t\t\t\t\t\t\t<\/script>\n\t\t\t\t\t\t<\/div>\n\t\t\t\t\t\t\t\t\t\t\t\t\t\t\t\t\t\t<div class=\"product-layout product-list\">\n\t\t\t\t\t\t\t<div class=\"product-thumb\">\n\t\t\t\t\t\t\t\t<div class=\"item item8\">\n\t\t\t\t\t\t\t\t\t<div class=\"item-inner\">\t\t\n\t\t\t\t\t\t\t\t\t\t<div class=\"col-image\">\n\t\t\t\t\t\t\t\t\t\t\t<div class=\"image images-container\">\n\t\t\t\t\t\t\t\t\t\t\t\t<a href=\"https:\/\/cskotomotiv.com\/kompresor?product_id=130\" class=\"product-image\">\n\t\t\t\t\t\t\t\t\t\t\t\t\t<img src=\"https:\/\/cskotomotiv.com\/image\/cache\/catalog\/Foto\/DENSO%20A0008301302-600x600.png\" alt=\"Mercedes-Benz E320 - S320 - C320 Klima Kompres\u00f6r\u00fc 7PK (Yeni Kasa)\" title=\"Mercedes-Benz E320 - S320 - C320 Klima Kompres\u00f6r\u00fc 7PK (Yeni Kasa)\" class=\"img-responsive\" \/>\n\t\t\t\t\t\t\t\t\t\t\t\t\t\t\t\t\t\t\t\t\t\t\t\t\t<\/a>\n\t\t\t\t\t\t\t\t\t\t\t\t\t\t\t\t\t\t\t\t\t\t\t\t\t\t\t\t\t\t\t\t\t\t\t\t<div class=\"action-links\">\n\t\t\t\t\t\t\t\t\t\t\t\t\t<button class=\"button btn-wishlist\" type=\"button\"  title=\"Al\u0131\u015fveri\u015f Listeme Ekle\" onclick=\"wishlist.add('130');\"><span>Al\u0131\u015fveri\u015f Listeme Ekle<\/span><\/button>\n\t\t\t\t\t\t\t\t\t\t\t\t\t<button class=\"button btn-compare\" type=\"button\"  title=\"Kar\u015f\u0131la\u015ft\u0131rma listesine ekle\" onclick=\"compare.add('130');\"><span>Kar\u015f\u0131la\u015ft\u0131rma listesine ekle<\/span><\/button>\n\t\t\t\t\t\t\t\t\t\t\t\t\t<button class=\"button btn-quickview\" type=\"button\"  title=\"\" onclick=\"ocquickview.ajaxView('https:\/\/cskotomotiv.com\/kompresor?product_id=130')\"><span><\/span><\/button>\n\t\t\t\t\t\t\t\t\t\t\t\t<\/div>\n\t\t\t\t\t\t\t\t\t\t\t<\/div>\n\t\t\t\t\t\t\t\t\t\t<\/div>\n\t\t\t\t\t\t\t\t\t\t<div class=\"col-des\">\n\t\t\t\t\t\t\t\t\t\t\t<div class=\"caption\">\n\t\t\t\t\t\t\t\t\t\t\t\t\t\t\t\t\t\t\t\t\t\t\t\t<p class=\"manufacture-product\">\n\t\t\t\t\t\t\t\t\t\t\t\t\t<a href=\"https:\/\/cskotomotiv.com\/index.php?route=product\/manufacturer\/info&amp;manufacturer_id=10\">DENSO<\/a>\n\t\t\t\t\t\t\t\t\t\t\t\t<\/p>\n\t\t\t\t\t\t\t\t\t\t\t\t          \t\t\t\t\t\t\t\t\n\t\t\t\t\t\t\t\t\t\t\t\t\t\t\t\t\t\t\t\t\t\t\t\t<h4 class=\"product-name\"><a href=\"https:\/\/cskotomotiv.com\/kompresor?product_id=130\">Mercedes-Benz E320 - S320 - C320 Klima Kompres\u00f6r\u00fc 7PK (Yeni Kasa)<\/a><\/h4>\n\t\t\t\t\t\t\t\t\t\t\t\t\n\t\t\t\t\t\t\t\t\t\t\t\t\t\n\t\t\t\t\t\t\t\t\t\t\t\t<div class=\"price-box\">\n  <p class=\"price\">Bilgi Al\u0131n\u0131z<\/p>\n<\/div>\n\n\t\t\t\t\t\t\t\t\t\t\t\t<div class=\"product-des\">Mercedes E320, S320 ve yeni kasa C320 modelleri i\u00e7in uyumlu 7PK klima kompres\u00f6r\u00fc. Y\u00fcksek verimlilik, sessiz \u00e7al\u0131\u015fma ve uzun \u00f6m\u00fcr sunar. Ara\u00e7 i\u00e7i serinli\u011fi en \u00fcst d\u00fczeye \u00e7\u0131kar\u0131r...<\/div>\n\t\t\t\t\t\t\t\t\t\t\t\t\t\t\t\t\t\t\t\t\t\t<\/div>\n\t\t\t\t\t\t\t\t\t\t<\/div>\n\t\t\t\t\t\t\t\t\t<\/div>\n\t\t\t\t\t\t\t\t<\/div>\n\t\t\t\t\t\t\t<\/div>\n\t\t\t\t\t\t\t<script type=\"text\/javascript\">\n\t\t\t\t\t\t\t\t$(document).ready(function() {\n\t\t\t\t\t\t\t\t\t$(\".product-list .item8 .caption\").append($('.product-list .item8 .action-links'));\n\t\t\t\t\t\t\t\t\t$('#grid-view').click(function() {\n\t\t\t\t\t\t\t\t\t\t$(\".item8 .images-container\").append($('.item8 .action-links'));\n\t\t\t\t\t\t\t\t\t});\n\t\t\t\t\t\t\t\t\t$('#list-view').click(function() {\n\t\t\t\t\t\t\t\t\t\t$(\".item8 .caption\").append($('.item8 .action-links'));\n\t\t\t\t\t\t\t\t\t});\n\t\t\t\t\t\t\t\t});\n\t\t\t\t\t\t\t<\/script>\n\t\t\t\t\t\t<\/div>\n\t\t\t\t\t\t\t\t\t\t\t\t\t\t\t\t\t\t<div class=\"product-layout product-list\">\n\t\t\t\t\t\t\t<div class=\"product-thumb\">\n\t\t\t\t\t\t\t\t<div class=\"item item9\">\n\t\t\t\t\t\t\t\t\t<div class=\"item-inner\">\t\t\n\t\t\t\t\t\t\t\t\t\t<div class=\"col-image\">\n\t\t\t\t\t\t\t\t\t\t\t<div class=\"image images-container\">\n\t\t\t\t\t\t\t\t\t\t\t\t<a href=\"https:\/\/cskotomotiv.com\/kompresor?product_id=207\" class=\"product-image\">\n\t\t\t\t\t\t\t\t\t\t\t\t\t<img src=\"https:\/\/cskotomotiv.com\/image\/cache\/catalog\/Foto\/VALEO%20813157-600x600.jpg\" alt=\"Mercedes-Benz Klima Kompres\u00f6r\u00fc | Vito, Sprinter, Viano, C, E, M Serisi Uyumlu\" title=\"Mercedes-Benz Klima Kompres\u00f6r\u00fc | Vito, Sprinter, Viano, C, E, M Serisi Uyumlu\" class=\"img-responsive\" \/>\n\t\t\t\t\t\t\t\t\t\t\t\t\t\t\t\t\t\t\t\t\t\t\t\t\t<\/a>\n\t\t\t\t\t\t\t\t\t\t\t\t\t\t\t\t\t\t\t\t\t\t\t\t\t\t\t\t\t\t\t\t\t\t\t\t<div class=\"action-links\">\n\t\t\t\t\t\t\t\t\t\t\t\t\t<button class=\"button btn-wishlist\" type=\"button\"  title=\"Al\u0131\u015fveri\u015f Listeme Ekle\" onclick=\"wishlist.add('207');\"><span>Al\u0131\u015fveri\u015f Listeme Ekle<\/span><\/button>\n\t\t\t\t\t\t\t\t\t\t\t\t\t<button class=\"button btn-compare\" type=\"button\"  title=\"Kar\u015f\u0131la\u015ft\u0131rma listesine ekle\" onclick=\"compare.add('207');\"><span>Kar\u015f\u0131la\u015ft\u0131rma listesine ekle<\/span><\/button>\n\t\t\t\t\t\t\t\t\t\t\t\t\t<button class=\"button btn-quickview\" type=\"button\"  title=\"\" onclick=\"ocquickview.ajaxView('https:\/\/cskotomotiv.com\/kompresor?product_id=207')\"><span><\/span><\/button>\n\t\t\t\t\t\t\t\t\t\t\t\t<\/div>\n\t\t\t\t\t\t\t\t\t\t\t<\/div>\n\t\t\t\t\t\t\t\t\t\t<\/div>\n\t\t\t\t\t\t\t\t\t\t<div class=\"col-des\">\n\t\t\t\t\t\t\t\t\t\t\t<div class=\"caption\">\n\t\t\t\t\t\t\t\t\t\t\t\t\t\t\t\t\t\t\t\t\t\t\t\t<p class=\"manufacture-product\">\n\t\t\t\t\t\t\t\t\t\t\t\t\t<a href=\"https:\/\/cskotomotiv.com\/index.php?route=product\/manufacturer\/info&amp;manufacturer_id=9\">VALEO<\/a>\n\t\t\t\t\t\t\t\t\t\t\t\t<\/p>\n\t\t\t\t\t\t\t\t\t\t\t\t          \t\t\t\t\t\t\t\t\n\t\t\t\t\t\t\t\t\t\t\t\t\t\t\t\t\t\t\t\t\t\t\t\t<h4 class=\"product-name\"><a href=\"https:\/\/cskotomotiv.com\/kompresor?product_id=207\">Mercedes-Benz Klima Kompres\u00f6r\u00fc | Vito, Sprinter, Viano, C, E, M Serisi Uyumlu<\/a><\/h4>\n\t\t\t\t\t\t\t\t\t\t\t\t\n\t\t\t\t\t\t\t\t\t\t\t\t\t\n\t\t\t\t\t\t\t\t\t\t\t\t<div class=\"price-box\">\n  <p class=\"price\">Bilgi Al\u0131n\u0131z<\/p>\n<\/div>\n\n\t\t\t\t\t\t\t\t\t\t\t\t<div class=\"product-des\">&nbsp;&nbsp;&nbsp;&nbsp;Mercedes-Benz\u2019in Vito, Sprinter, Viano, C, E ve M serisi ara\u00e7lar\u0131 i\u00e7in uyumlu, y\u00fcksek performansl\u0131 klima kompres\u00f6r\u00fcd\u00fcr. OEM standartlar\u0131na uygun olarak \u00fcret..<\/div>\n\t\t\t\t\t\t\t\t\t\t\t\t\t\t\t\t\t\t\t\t\t\t<\/div>\n\t\t\t\t\t\t\t\t\t\t<\/div>\n\t\t\t\t\t\t\t\t\t<\/div>\n\t\t\t\t\t\t\t\t<\/div>\n\t\t\t\t\t\t\t<\/div>\n\t\t\t\t\t\t\t<script type=\"text\/javascript\">\n\t\t\t\t\t\t\t\t$(document).ready(function() {\n\t\t\t\t\t\t\t\t\t$(\".product-list .item9 .caption\").append($('.product-list .item9 .action-links'));\n\t\t\t\t\t\t\t\t\t$('#grid-view').click(function() {\n\t\t\t\t\t\t\t\t\t\t$(\".item9 .images-container\").append($('.item9 .action-links'));\n\t\t\t\t\t\t\t\t\t});\n\t\t\t\t\t\t\t\t\t$('#list-view').click(function() {\n\t\t\t\t\t\t\t\t\t\t$(\".item9 .caption\").append($('.item9 .action-links'));\n\t\t\t\t\t\t\t\t\t});\n\t\t\t\t\t\t\t\t});\n\t\t\t\t\t\t\t<\/script>\n\t\t\t\t\t\t<\/div>\n\t\t\t\t\t\t\t\t\t\t\t\t\t\t\t\t\t<\/div>\n                <\/div>\n                <div class=\"toolbar toolbar-products toolbar-bottom\">\n                    <div class=\"toolbar-amount\"><span>G\u00f6sterilen: 55 ile 63 aras\u0131, toplam: 96 (11 Sayfa)<\/span><\/div>\n\t\t\t\t\t<div class=\"pages\"><ul class=\"pagination\"><li><a href=\"https:\/\/cskotomotiv.com\/index.php?route=product\/category&path=299\">|&lt;<\/a><\/li><li><a href=\"https:\/\/cskotomotiv.com\/index.php?route=product\/category&path=299&amp;page=6\">&lt;<\/a><\/li><li><a href=\"https:\/\/cskotomotiv.com\/index.php?route=product\/category&path=299&amp;page=3\">3<\/a><\/li><li><a href=\"https:\/\/cskotomotiv.com\/index.php?route=product\/category&path=299&amp;page=4\">4<\/a><\/li><li><a href=\"https:\/\/cskotomotiv.com\/index.php?route=product\/category&path=299&amp;page=5\">5<\/a><\/li><li><a href=\"https:\/\/cskotomotiv.com\/index.php?route=product\/category&path=299&amp;page=6\">6<\/a><\/li><li class=\"active\"><span>7<\/span><\/li><li><a href=\"https:\/\/cskotomotiv.com\/index.php?route=product\/category&path=299&amp;page=8\">8<\/a><\/li><li><a href=\"https:\/\/cskotomotiv.com\/index.php?route=product\/category&path=299&amp;page=9\">9<\/a><\/li><li><a href=\"https:\/\/cskotomotiv.com\/index.php?route=product\/category&path=299&amp;page=10\">10<\/a><\/li><li><a href=\"https:\/\/cskotomotiv.com\/index.php?route=product\/category&path=299&amp;page=11\">11<\/a><\/li><li><a href=\"https:\/\/cskotomotiv.com\/index.php?route=product\/category&path=299&amp;page=8\">&gt;<\/a><\/li><li><a href=\"https:\/\/cskotomotiv.com\/index.php?route=product\/category&path=299&amp;page=11\">&gt;|<\/a><\/li><\/ul><\/div>\n                <\/div>\n                                            <\/div>\n            <\/div>\n        <\/div><\/div>\n<\/div>\n<script type=\"text\/javascript\">\n$('body').addClass('product-category');\n<\/script>\n","filter_action":"https:\/\/cskotomotiv.com\/index.php?route=extension\/module\/oclayerednavigation\/category&path=299","price_action":"https:\/\/cskotomotiv.com\/index.php?route=extension\/module\/oclayerednavigation\/category&path=299","layered_html":"<div class=\"list-group\">\n    <div class=\"filter-attribute-container filter-attribute-remove-container\">\n                            <\/div>\n    <div class=\"filter-attribute-container\">\n        <label>Price<\/label>\n        <div class=\"list-group-item\">\n            <div class=\"filter-price\">\n                <div id=\"slider-price\"><\/div>\n                <div class=\"slider-values\">\n                    <span><\/span>\n                    <input id=\"price-from\" disabled=\"disabled\" class=\"input-price\" type=\"text\" value=\"0\" placeholder=\"Min\" name=\"price-from\"\/>\n                    <span>\u20ba<\/span> -\n                    <span><\/span>\n                    <input id=\"price-to\" disabled=\"disabled\" class=\"input-price\" type=\"text\" value=\"999\" placeholder=\"Max\" name=\"price-to\" \/>\n                    <span>\u20ba<\/span>\n                <\/div>\n            <\/div>\n        <\/div>\n    <\/div>\n    <\/div>\n"}