{"result_html":"\n<div class=\"container layer-category\">\n    <div class=\"layered-navigation-block\"><\/div> \n    <div class=\"ajax-loader\">\n        <img src=\"\" alt=\"\" \/>\n    <\/div>\n    <ul class=\"breadcrumb\">\n            <\/ul>\n    <div class=\"row\"><div class=\"col-order\">\n                                    <div id=\"content\" class=\"col-sm-12\">\n\t\t\t<h1 class=\"category-name\"><\/h1>\n\t\t\t<div class=\"category-info\">\n            \t\t\t<\/div>\n                        <div class=\"custom-category\">\n                                <div><a href=\"https:\/\/cskotomotiv.com\/index.php?route=product\/compare\" id=\"compare-total\">\u00dcr\u00fcn Kar\u015f\u0131la\u015ft\u0131r (0)<\/a><\/div>\n\t\t\t\t<div class=\"toolbar toolbar-products toolbar-top\">\n\t\t\t\t\t<div class=\"modes\">\n\t\t\t\t\t\t<div class=\"btn-group\">\n\t\t\t\t\t\t\t<button type=\"button\" id=\"grid-view\" class=\"btn\"><i class=\"fa fa-th\"><\/i><\/button>\n\t\t\t\t\t\t\t<button type=\"button\" id=\"list-view\" class=\"btn\"><i class=\"fa fa-th-list\"><\/i><\/button>\n\t\t\t\t\t\t<\/div>\n\t\t\t\t\t<\/div>\n\t\t\t\t\t<div class=\"toolbar-amount\">\n\t\t\t\t\t\t<span>G\u00f6sterilen: 73 ile 81 aras\u0131, toplam: 96 (11 Sayfa)<\/span>\n\t\t\t\t\t<\/div>\n\t\t\t\t\t<div class=\"sorter\">\n\t\t\t\t\t\t<label>S\u0131rala:<\/label>\n\t\t\t\t\t\t<select id=\"input-sort\" class=\"form-control\" onchange=\"oclayerednavigationajax.filter(this.value)\">\n\t\t\t\t\t\t\t\t\t\t\t\t\t\t\t\t\t\t\t\t\t\t\t\t<option value=\"https:\/\/cskotomotiv.com\/index.php?route=extension\/module\/oclayerednavigation\/category&path=299&sort=p.sort_order&order=ASC\" selected=\"selected\">Varsay\u0131lan<\/option>\n\t\t\t\t\t\t\t\t\t\t\t\t\t\t\t\t\t\t\t\t\t\t\t\t\t\t\t\t\t\t\t\t<option value=\"https:\/\/cskotomotiv.com\/index.php?route=extension\/module\/oclayerednavigation\/category&path=299&sort=pd.name&order=ASC\">\u00dcr\u00fcn Ad\u0131 (A - Z)<\/option>\n\t\t\t\t\t\t\t\t\t\t\t\t\t\t\t\t\t\t\t\t\t\t\t\t\t\t\t\t\t\t\t\t<option value=\"https:\/\/cskotomotiv.com\/index.php?route=extension\/module\/oclayerednavigation\/category&path=299&sort=pd.name&order=DESC\">\u00dcr\u00fcn Ad\u0131 (Z - A)<\/option>\n\t\t\t\t\t\t\t\t\t\t\t\t\t\t\t\t\t\t\t\t\t\t\t\t\t\t\t\t\t\t\t\t<option value=\"https:\/\/cskotomotiv.com\/index.php?route=extension\/module\/oclayerednavigation\/category&path=299&sort=p.price&order=ASC\">Ucuzdan &gt; Pahal\u0131ya<\/option>\n\t\t\t\t\t\t\t\t\t\t\t\t\t\t\t\t\t\t\t\t\t\t\t\t\t\t\t\t\t\t\t\t<option value=\"https:\/\/cskotomotiv.com\/index.php?route=extension\/module\/oclayerednavigation\/category&path=299&sort=p.price&order=DESC\">Pahal\u0131dan &gt; Ucuza<\/option>\n\t\t\t\t\t\t\t\t\t\t\t\t\t\t\t\t\t\t\t\t\t\t\t\t\t\t\t\t\t\t\t\t<option value=\"https:\/\/cskotomotiv.com\/index.php?route=extension\/module\/oclayerednavigation\/category&path=299&sort=rating&order=DESC\">Y\u00fcksek Oylama<\/option>\n\t\t\t\t\t\t\t\t\t\t\t\t\t\t\t\t\t\t\t\t\t\t\t\t\t\t\t\t\t\t\t\t<option value=\"https:\/\/cskotomotiv.com\/index.php?route=extension\/module\/oclayerednavigation\/category&path=299&sort=rating&order=ASC\">D\u00fc\u015f\u00fck Oylama<\/option>\n\t\t\t\t\t\t\t\t\t\t\t\t\t\t\t\t\t\t\t\t\t\t\t\t\t\t\t\t\t\t\t\t<option value=\"https:\/\/cskotomotiv.com\/index.php?route=extension\/module\/oclayerednavigation\/category&path=299&sort=p.model&order=ASC\">\u00dcr\u00fcn Kodu (A - Z)<\/option>\n\t\t\t\t\t\t\t\t\t\t\t\t\t\t\t\t\t\t\t\t\t\t\t\t\t\t\t\t\t\t\t\t<option value=\"https:\/\/cskotomotiv.com\/index.php?route=extension\/module\/oclayerednavigation\/category&path=299&sort=p.model&order=DESC\">\u00dcr\u00fcn Kodu (Z - A)<\/option>\n\t\t\t\t\t\t\t\t\t\t\t\t\t\t\t\t\t\t\t\t\t<\/select>\n\t\t\t\t\t<\/div>\n\t\t\t\t\t\n\t\t\t\t<\/div>\n                <div class=\"custom-products\">\n                    <div class=\"row\">\n\t\t\t\t\t\t\t\t\t\t\t\t\t\t\t\t\t\t<div class=\"product-layout product-list\">\n\t\t\t\t\t\t\t<div class=\"product-thumb\">\n\t\t\t\t\t\t\t\t<div class=\"item item1\">\n\t\t\t\t\t\t\t\t\t<div class=\"item-inner\">\t\t\n\t\t\t\t\t\t\t\t\t\t<div class=\"col-image\">\n\t\t\t\t\t\t\t\t\t\t\t<div class=\"image images-container\">\n\t\t\t\t\t\t\t\t\t\t\t\t<a href=\"https:\/\/cskotomotiv.com\/kompresor?product_id=157\" class=\"product-image\">\n\t\t\t\t\t\t\t\t\t\t\t\t\t<img src=\"https:\/\/cskotomotiv.com\/image\/cache\/catalog\/Foto\/JSR%209830148880-600x600.jpg\" alt=\"Peugeot 301 - Citroen C-Elysee Klima Kompres\u00f6r\u00fc 110mm 6PK\" title=\"Peugeot 301 - Citroen C-Elysee Klima Kompres\u00f6r\u00fc 110mm 6PK\" class=\"img-responsive\" \/>\n\t\t\t\t\t\t\t\t\t\t\t\t\t\t\t\t\t\t\t\t\t\t\t\t\t<\/a>\n\t\t\t\t\t\t\t\t\t\t\t\t\t\t\t\t\t\t\t\t\t\t\t\t\t\t\t\t\t\t\t\t\t\t\t\t<div class=\"action-links\">\n\t\t\t\t\t\t\t\t\t\t\t\t\t<button class=\"button btn-wishlist\" type=\"button\"  title=\"Al\u0131\u015fveri\u015f Listeme Ekle\" onclick=\"wishlist.add('157');\"><span>Al\u0131\u015fveri\u015f Listeme Ekle<\/span><\/button>\n\t\t\t\t\t\t\t\t\t\t\t\t\t<button class=\"button btn-compare\" type=\"button\"  title=\"Kar\u015f\u0131la\u015ft\u0131rma listesine ekle\" onclick=\"compare.add('157');\"><span>Kar\u015f\u0131la\u015ft\u0131rma listesine ekle<\/span><\/button>\n\t\t\t\t\t\t\t\t\t\t\t\t\t<button class=\"button btn-quickview\" type=\"button\"  title=\"\" onclick=\"ocquickview.ajaxView('https:\/\/cskotomotiv.com\/kompresor?product_id=157')\"><span><\/span><\/button>\n\t\t\t\t\t\t\t\t\t\t\t\t<\/div>\n\t\t\t\t\t\t\t\t\t\t\t<\/div>\n\t\t\t\t\t\t\t\t\t\t<\/div>\n\t\t\t\t\t\t\t\t\t\t<div class=\"col-des\">\n\t\t\t\t\t\t\t\t\t\t\t<div class=\"caption\">\n\t\t\t\t\t\t\t\t\t\t\t\t\t\t\t\t\t\t\t\t\t\t\t\t<p class=\"manufacture-product\">\n\t\t\t\t\t\t\t\t\t\t\t\t\t<a href=\"https:\/\/cskotomotiv.com\/index.php?route=product\/manufacturer\/info&amp;manufacturer_id=5\">JSR<\/a>\n\t\t\t\t\t\t\t\t\t\t\t\t<\/p>\n\t\t\t\t\t\t\t\t\t\t\t\t          \t\t\t\t\t\t\t\t\n\t\t\t\t\t\t\t\t\t\t\t\t\t\t\t\t\t\t\t\t\t\t\t\t<h4 class=\"product-name\"><a href=\"https:\/\/cskotomotiv.com\/kompresor?product_id=157\">Peugeot 301 - Citroen C-Elysee Klima Kompres\u00f6r\u00fc 110mm 6PK<\/a><\/h4>\n\t\t\t\t\t\t\t\t\t\t\t\t\n\t\t\t\t\t\t\t\t\t\t\t\t\t\n\t\t\t\t\t\t\t\t\t\t\t\t<div class=\"price-box\">\n  <p class=\"price\">Bilgi Al\u0131n\u0131z<\/p>\n<\/div>\n\n\t\t\t\t\t\t\t\t\t\t\t\t<div class=\"product-des\">Peugeot 301 ve Citroen C-Elysee modelleri i\u00e7in uyumlu 110mm kasnak \u00e7ap\u0131 ve 6PK kay\u0131\u015f tipine sahip klima kompres\u00f6r\u00fc. Arac\u0131n\u0131z\u0131n klima sisteminde y\u00fcksek performansl\u0131 so\u011futma sa\u011flar. ..<\/div>\n\t\t\t\t\t\t\t\t\t\t\t\t\t\t\t\t\t\t\t\t\t\t<\/div>\n\t\t\t\t\t\t\t\t\t\t<\/div>\n\t\t\t\t\t\t\t\t\t<\/div>\n\t\t\t\t\t\t\t\t<\/div>\n\t\t\t\t\t\t\t<\/div>\n\t\t\t\t\t\t\t<script type=\"text\/javascript\">\n\t\t\t\t\t\t\t\t$(document).ready(function() {\n\t\t\t\t\t\t\t\t\t$(\".product-list .item1 .caption\").append($('.product-list .item1 .action-links'));\n\t\t\t\t\t\t\t\t\t$('#grid-view').click(function() {\n\t\t\t\t\t\t\t\t\t\t$(\".item1 .images-container\").append($('.item1 .action-links'));\n\t\t\t\t\t\t\t\t\t});\n\t\t\t\t\t\t\t\t\t$('#list-view').click(function() {\n\t\t\t\t\t\t\t\t\t\t$(\".item1 .caption\").append($('.item1 .action-links'));\n\t\t\t\t\t\t\t\t\t});\n\t\t\t\t\t\t\t\t});\n\t\t\t\t\t\t\t<\/script>\n\t\t\t\t\t\t<\/div>\n\t\t\t\t\t\t\t\t\t\t\t\t\t\t\t\t\t\t<div class=\"product-layout product-list\">\n\t\t\t\t\t\t\t<div class=\"product-thumb\">\n\t\t\t\t\t\t\t\t<div class=\"item item2\">\n\t\t\t\t\t\t\t\t\t<div class=\"item-inner\">\t\t\n\t\t\t\t\t\t\t\t\t\t<div class=\"col-image\">\n\t\t\t\t\t\t\t\t\t\t\t<div class=\"image images-container\">\n\t\t\t\t\t\t\t\t\t\t\t\t<a href=\"https:\/\/cskotomotiv.com\/kompresor?product_id=211\" class=\"product-image\">\n\t\t\t\t\t\t\t\t\t\t\t\t\t<img src=\"https:\/\/cskotomotiv.com\/image\/cache\/catalog\/Foto\/VALEO%20813383-600x600.jpeg\" alt=\"Renault Clio IV 1.5 dCi Klima Kompres\u00f6r\u00fc | 115mm \u2013 6PK \u2013 12V\" title=\"Renault Clio IV 1.5 dCi Klima Kompres\u00f6r\u00fc | 115mm \u2013 6PK \u2013 12V\" class=\"img-responsive\" \/>\n\t\t\t\t\t\t\t\t\t\t\t\t\t\t\t\t\t\t\t\t\t\t\t\t\t<\/a>\n\t\t\t\t\t\t\t\t\t\t\t\t\t\t\t\t\t\t\t\t\t\t\t\t\t\t\t\t\t\t\t\t\t\t\t\t<div class=\"action-links\">\n\t\t\t\t\t\t\t\t\t\t\t\t\t<button class=\"button btn-wishlist\" type=\"button\"  title=\"Al\u0131\u015fveri\u015f Listeme Ekle\" onclick=\"wishlist.add('211');\"><span>Al\u0131\u015fveri\u015f Listeme Ekle<\/span><\/button>\n\t\t\t\t\t\t\t\t\t\t\t\t\t<button class=\"button btn-compare\" type=\"button\"  title=\"Kar\u015f\u0131la\u015ft\u0131rma listesine ekle\" onclick=\"compare.add('211');\"><span>Kar\u015f\u0131la\u015ft\u0131rma listesine ekle<\/span><\/button>\n\t\t\t\t\t\t\t\t\t\t\t\t\t<button class=\"button btn-quickview\" type=\"button\"  title=\"\" onclick=\"ocquickview.ajaxView('https:\/\/cskotomotiv.com\/kompresor?product_id=211')\"><span><\/span><\/button>\n\t\t\t\t\t\t\t\t\t\t\t\t<\/div>\n\t\t\t\t\t\t\t\t\t\t\t<\/div>\n\t\t\t\t\t\t\t\t\t\t<\/div>\n\t\t\t\t\t\t\t\t\t\t<div class=\"col-des\">\n\t\t\t\t\t\t\t\t\t\t\t<div class=\"caption\">\n\t\t\t\t\t\t\t\t\t\t\t\t\t\t\t\t\t\t\t\t\t\t\t\t<p class=\"manufacture-product\">\n\t\t\t\t\t\t\t\t\t\t\t\t\t<a href=\"https:\/\/cskotomotiv.com\/index.php?route=product\/manufacturer\/info&amp;manufacturer_id=9\">VALEO<\/a>\n\t\t\t\t\t\t\t\t\t\t\t\t<\/p>\n\t\t\t\t\t\t\t\t\t\t\t\t          \t\t\t\t\t\t\t\t\n\t\t\t\t\t\t\t\t\t\t\t\t\t\t\t\t\t\t\t\t\t\t\t\t<h4 class=\"product-name\"><a href=\"https:\/\/cskotomotiv.com\/kompresor?product_id=211\">Renault Clio IV 1.5 dCi Klima Kompres\u00f6r\u00fc | 115mm \u2013 6PK \u2013 12V<\/a><\/h4>\n\t\t\t\t\t\t\t\t\t\t\t\t\n\t\t\t\t\t\t\t\t\t\t\t\t\t\n\t\t\t\t\t\t\t\t\t\t\t\t<div class=\"price-box\">\n  <p class=\"price\">Bilgi Al\u0131n\u0131z<\/p>\n<\/div>\n\n\t\t\t\t\t\t\t\t\t\t\t\t<div class=\"product-des\">&nbsp;&nbsp;&nbsp;&nbsp;Renault Clio IV 1.5 dCi motorlu ara\u00e7lar ile birebir uyumlu bu klima kompres\u00f6r\u00fc, y\u00fcksek so\u011futma performans\u0131 ve uzun \u00f6m\u00fcrl\u00fc yap\u0131s\u0131yla OEM kalite sunar. 115mm ..<\/div>\n\t\t\t\t\t\t\t\t\t\t\t\t\t\t\t\t\t\t\t\t\t\t<\/div>\n\t\t\t\t\t\t\t\t\t\t<\/div>\n\t\t\t\t\t\t\t\t\t<\/div>\n\t\t\t\t\t\t\t\t<\/div>\n\t\t\t\t\t\t\t<\/div>\n\t\t\t\t\t\t\t<script type=\"text\/javascript\">\n\t\t\t\t\t\t\t\t$(document).ready(function() {\n\t\t\t\t\t\t\t\t\t$(\".product-list .item2 .caption\").append($('.product-list .item2 .action-links'));\n\t\t\t\t\t\t\t\t\t$('#grid-view').click(function() {\n\t\t\t\t\t\t\t\t\t\t$(\".item2 .images-container\").append($('.item2 .action-links'));\n\t\t\t\t\t\t\t\t\t});\n\t\t\t\t\t\t\t\t\t$('#list-view').click(function() {\n\t\t\t\t\t\t\t\t\t\t$(\".item2 .caption\").append($('.item2 .action-links'));\n\t\t\t\t\t\t\t\t\t});\n\t\t\t\t\t\t\t\t});\n\t\t\t\t\t\t\t<\/script>\n\t\t\t\t\t\t<\/div>\n\t\t\t\t\t\t\t\t\t\t\t\t\t\t\t\t\t\t<div class=\"product-layout product-list\">\n\t\t\t\t\t\t\t<div class=\"product-thumb\">\n\t\t\t\t\t\t\t\t<div class=\"item item3\">\n\t\t\t\t\t\t\t\t\t<div class=\"item-inner\">\t\t\n\t\t\t\t\t\t\t\t\t\t<div class=\"col-image\">\n\t\t\t\t\t\t\t\t\t\t\t<div class=\"image images-container\">\n\t\t\t\t\t\t\t\t\t\t\t\t<a href=\"https:\/\/cskotomotiv.com\/kompresor?product_id=200\" class=\"product-image\">\n\t\t\t\t\t\t\t\t\t\t\t\t\t<img src=\"https:\/\/cskotomotiv.com\/image\/cache\/catalog\/Foto\/SANDEN%20926009871R-600x600.png\" alt=\"Renault Clio V 1.0 Sce Klima Kompres\u00f6r\u00fc | 2019\u2192 Uyumlu \u2013 3PK, 115mm, 12V\" title=\"Renault Clio V 1.0 Sce Klima Kompres\u00f6r\u00fc | 2019\u2192 Uyumlu \u2013 3PK, 115mm, 12V\" class=\"img-responsive\" \/>\n\t\t\t\t\t\t\t\t\t\t\t\t\t\t\t\t\t\t\t\t\t\t\t\t\t<\/a>\n\t\t\t\t\t\t\t\t\t\t\t\t\t\t\t\t\t\t\t\t\t\t\t\t\t\t\t\t\t\t\t\t\t\t\t\t<div class=\"action-links\">\n\t\t\t\t\t\t\t\t\t\t\t\t\t<button class=\"button btn-wishlist\" type=\"button\"  title=\"Al\u0131\u015fveri\u015f Listeme Ekle\" onclick=\"wishlist.add('200');\"><span>Al\u0131\u015fveri\u015f Listeme Ekle<\/span><\/button>\n\t\t\t\t\t\t\t\t\t\t\t\t\t<button class=\"button btn-compare\" type=\"button\"  title=\"Kar\u015f\u0131la\u015ft\u0131rma listesine ekle\" onclick=\"compare.add('200');\"><span>Kar\u015f\u0131la\u015ft\u0131rma listesine ekle<\/span><\/button>\n\t\t\t\t\t\t\t\t\t\t\t\t\t<button class=\"button btn-quickview\" type=\"button\"  title=\"\" onclick=\"ocquickview.ajaxView('https:\/\/cskotomotiv.com\/kompresor?product_id=200')\"><span><\/span><\/button>\n\t\t\t\t\t\t\t\t\t\t\t\t<\/div>\n\t\t\t\t\t\t\t\t\t\t\t<\/div>\n\t\t\t\t\t\t\t\t\t\t<\/div>\n\t\t\t\t\t\t\t\t\t\t<div class=\"col-des\">\n\t\t\t\t\t\t\t\t\t\t\t<div class=\"caption\">\n\t\t\t\t\t\t\t\t\t\t\t\t\t\t\t\t\t\t\t\t\t\t\t\t<p class=\"manufacture-product\">\n\t\t\t\t\t\t\t\t\t\t\t\t\t<a href=\"https:\/\/cskotomotiv.com\/index.php?route=product\/manufacturer\/info&amp;manufacturer_id=7\">SANDEN<\/a>\n\t\t\t\t\t\t\t\t\t\t\t\t<\/p>\n\t\t\t\t\t\t\t\t\t\t\t\t          \t\t\t\t\t\t\t\t\n\t\t\t\t\t\t\t\t\t\t\t\t\t\t\t\t\t\t\t\t\t\t\t\t<h4 class=\"product-name\"><a href=\"https:\/\/cskotomotiv.com\/kompresor?product_id=200\">Renault Clio V 1.0 Sce Klima Kompres\u00f6r\u00fc | 2019\u2192 Uyumlu \u2013 3PK, 115mm, 12V<\/a><\/h4>\n\t\t\t\t\t\t\t\t\t\t\t\t\n\t\t\t\t\t\t\t\t\t\t\t\t\t\n\t\t\t\t\t\t\t\t\t\t\t\t<div class=\"price-box\">\n  <p class=\"price\">Bilgi Al\u0131n\u0131z<\/p>\n<\/div>\n\n\t\t\t\t\t\t\t\t\t\t\t\t<div class=\"product-des\">Renault Clio V 1.0 Sce (2019 ve sonras\u0131) modelleriyle tam uyumlu klima kompres\u00f6r\u00fc. 3PK kay\u0131\u015f tipi, 115mm kasnak \u00e7ap\u0131 ve 12V sistemle \u00e7al\u0131\u015fan bu kompres\u00f6r, y\u00fcksek verimli so\u011futma ve..<\/div>\n\t\t\t\t\t\t\t\t\t\t\t\t\t\t\t\t\t\t\t\t\t\t<\/div>\n\t\t\t\t\t\t\t\t\t\t<\/div>\n\t\t\t\t\t\t\t\t\t<\/div>\n\t\t\t\t\t\t\t\t<\/div>\n\t\t\t\t\t\t\t<\/div>\n\t\t\t\t\t\t\t<script type=\"text\/javascript\">\n\t\t\t\t\t\t\t\t$(document).ready(function() {\n\t\t\t\t\t\t\t\t\t$(\".product-list .item3 .caption\").append($('.product-list .item3 .action-links'));\n\t\t\t\t\t\t\t\t\t$('#grid-view').click(function() {\n\t\t\t\t\t\t\t\t\t\t$(\".item3 .images-container\").append($('.item3 .action-links'));\n\t\t\t\t\t\t\t\t\t});\n\t\t\t\t\t\t\t\t\t$('#list-view').click(function() {\n\t\t\t\t\t\t\t\t\t\t$(\".item3 .caption\").append($('.item3 .action-links'));\n\t\t\t\t\t\t\t\t\t});\n\t\t\t\t\t\t\t\t});\n\t\t\t\t\t\t\t<\/script>\n\t\t\t\t\t\t<\/div>\n\t\t\t\t\t\t\t\t\t\t\t\t\t\t\t\t\t\t<div class=\"product-layout product-list\">\n\t\t\t\t\t\t\t<div class=\"product-thumb\">\n\t\t\t\t\t\t\t\t<div class=\"item item4\">\n\t\t\t\t\t\t\t\t\t<div class=\"item-inner\">\t\t\n\t\t\t\t\t\t\t\t\t\t<div class=\"col-image\">\n\t\t\t\t\t\t\t\t\t\t\t<div class=\"image images-container\">\n\t\t\t\t\t\t\t\t\t\t\t\t<a href=\"https:\/\/cskotomotiv.com\/kompresor?product_id=167\" class=\"product-image\">\n\t\t\t\t\t\t\t\t\t\t\t\t\t<img src=\"https:\/\/cskotomotiv.com\/image\/cache\/catalog\/Foto\/SANDEN%201761-600x600.jpg\" alt=\"Renault Fluence 1.6D - Megane IV - Kadjar Klima Kompres\u00f6r\u00fc 125mm 7PK\" title=\"Renault Fluence 1.6D - Megane IV - Kadjar Klima Kompres\u00f6r\u00fc 125mm 7PK\" class=\"img-responsive\" \/>\n\t\t\t\t\t\t\t\t\t\t\t\t\t\t\t\t\t\t\t\t\t\t\t\t\t<\/a>\n\t\t\t\t\t\t\t\t\t\t\t\t\t\t\t\t\t\t\t\t\t\t\t\t\t\t\t\t\t\t\t\t\t\t\t\t<div class=\"action-links\">\n\t\t\t\t\t\t\t\t\t\t\t\t\t<button class=\"button btn-wishlist\" type=\"button\"  title=\"Al\u0131\u015fveri\u015f Listeme Ekle\" onclick=\"wishlist.add('167');\"><span>Al\u0131\u015fveri\u015f Listeme Ekle<\/span><\/button>\n\t\t\t\t\t\t\t\t\t\t\t\t\t<button class=\"button btn-compare\" type=\"button\"  title=\"Kar\u015f\u0131la\u015ft\u0131rma listesine ekle\" onclick=\"compare.add('167');\"><span>Kar\u015f\u0131la\u015ft\u0131rma listesine ekle<\/span><\/button>\n\t\t\t\t\t\t\t\t\t\t\t\t\t<button class=\"button btn-quickview\" type=\"button\"  title=\"\" onclick=\"ocquickview.ajaxView('https:\/\/cskotomotiv.com\/kompresor?product_id=167')\"><span><\/span><\/button>\n\t\t\t\t\t\t\t\t\t\t\t\t<\/div>\n\t\t\t\t\t\t\t\t\t\t\t<\/div>\n\t\t\t\t\t\t\t\t\t\t<\/div>\n\t\t\t\t\t\t\t\t\t\t<div class=\"col-des\">\n\t\t\t\t\t\t\t\t\t\t\t<div class=\"caption\">\n\t\t\t\t\t\t\t\t\t\t\t\t\t\t\t\t\t\t\t\t\t\t\t\t<p class=\"manufacture-product\">\n\t\t\t\t\t\t\t\t\t\t\t\t\t<a href=\"https:\/\/cskotomotiv.com\/index.php?route=product\/manufacturer\/info&amp;manufacturer_id=7\">SANDEN<\/a>\n\t\t\t\t\t\t\t\t\t\t\t\t<\/p>\n\t\t\t\t\t\t\t\t\t\t\t\t          \t\t\t\t\t\t\t\t\n\t\t\t\t\t\t\t\t\t\t\t\t\t\t\t\t\t\t\t\t\t\t\t\t<h4 class=\"product-name\"><a href=\"https:\/\/cskotomotiv.com\/kompresor?product_id=167\">Renault Fluence 1.6D - Megane IV - Kadjar Klima Kompres\u00f6r\u00fc 125mm 7PK<\/a><\/h4>\n\t\t\t\t\t\t\t\t\t\t\t\t\n\t\t\t\t\t\t\t\t\t\t\t\t\t\n\t\t\t\t\t\t\t\t\t\t\t\t<div class=\"price-box\">\n  <p class=\"price\">Bilgi Al\u0131n\u0131z<\/p>\n<\/div>\n\n\t\t\t\t\t\t\t\t\t\t\t\t<div class=\"product-des\">Renault Fluence 1.6 Dizel, Megane IV ve Kadjar modelleriyle uyumlu klima kompres\u00f6r\u00fc. 125mm kasnak \u00e7ap\u0131 ve 7PK kay\u0131\u015f tipine sahiptir. OEM kalite standartlar\u0131nda \u00fcretilmi\u015f olup arac\u0131..<\/div>\n\t\t\t\t\t\t\t\t\t\t\t\t\t\t\t\t\t\t\t\t\t\t<\/div>\n\t\t\t\t\t\t\t\t\t\t<\/div>\n\t\t\t\t\t\t\t\t\t<\/div>\n\t\t\t\t\t\t\t\t<\/div>\n\t\t\t\t\t\t\t<\/div>\n\t\t\t\t\t\t\t<script type=\"text\/javascript\">\n\t\t\t\t\t\t\t\t$(document).ready(function() {\n\t\t\t\t\t\t\t\t\t$(\".product-list .item4 .caption\").append($('.product-list .item4 .action-links'));\n\t\t\t\t\t\t\t\t\t$('#grid-view').click(function() {\n\t\t\t\t\t\t\t\t\t\t$(\".item4 .images-container\").append($('.item4 .action-links'));\n\t\t\t\t\t\t\t\t\t});\n\t\t\t\t\t\t\t\t\t$('#list-view').click(function() {\n\t\t\t\t\t\t\t\t\t\t$(\".item4 .caption\").append($('.item4 .action-links'));\n\t\t\t\t\t\t\t\t\t});\n\t\t\t\t\t\t\t\t});\n\t\t\t\t\t\t\t<\/script>\n\t\t\t\t\t\t<\/div>\n\t\t\t\t\t\t\t\t\t\t\t\t\t\t\t\t\t\t<div class=\"product-layout product-list\">\n\t\t\t\t\t\t\t<div class=\"product-thumb\">\n\t\t\t\t\t\t\t\t<div class=\"item item5\">\n\t\t\t\t\t\t\t\t\t<div class=\"item-inner\">\t\t\n\t\t\t\t\t\t\t\t\t\t<div class=\"col-image\">\n\t\t\t\t\t\t\t\t\t\t\t<div class=\"image images-container\">\n\t\t\t\t\t\t\t\t\t\t\t\t<a href=\"https:\/\/cskotomotiv.com\/kompresor?product_id=198\" class=\"product-image\">\n\t\t\t\t\t\t\t\t\t\t\t\t\t<img src=\"https:\/\/cskotomotiv.com\/image\/cache\/catalog\/Foto\/SANDEN%20926007691R-600x600.png\" alt=\"Renault Kangoo 1.5 dCi Klima Kompres\u00f6r\u00fc | 2019\u2192 Uyumlu \u2013 6PK, 12V\" title=\"Renault Kangoo 1.5 dCi Klima Kompres\u00f6r\u00fc | 2019\u2192 Uyumlu \u2013 6PK, 12V\" class=\"img-responsive\" \/>\n\t\t\t\t\t\t\t\t\t\t\t\t\t\t\t\t\t\t\t\t\t\t\t\t\t<\/a>\n\t\t\t\t\t\t\t\t\t\t\t\t\t\t\t\t\t\t\t\t\t\t\t\t\t\t\t\t\t\t\t\t\t\t\t\t<div class=\"action-links\">\n\t\t\t\t\t\t\t\t\t\t\t\t\t<button class=\"button btn-wishlist\" type=\"button\"  title=\"Al\u0131\u015fveri\u015f Listeme Ekle\" onclick=\"wishlist.add('198');\"><span>Al\u0131\u015fveri\u015f Listeme Ekle<\/span><\/button>\n\t\t\t\t\t\t\t\t\t\t\t\t\t<button class=\"button btn-compare\" type=\"button\"  title=\"Kar\u015f\u0131la\u015ft\u0131rma listesine ekle\" onclick=\"compare.add('198');\"><span>Kar\u015f\u0131la\u015ft\u0131rma listesine ekle<\/span><\/button>\n\t\t\t\t\t\t\t\t\t\t\t\t\t<button class=\"button btn-quickview\" type=\"button\"  title=\"\" onclick=\"ocquickview.ajaxView('https:\/\/cskotomotiv.com\/kompresor?product_id=198')\"><span><\/span><\/button>\n\t\t\t\t\t\t\t\t\t\t\t\t<\/div>\n\t\t\t\t\t\t\t\t\t\t\t<\/div>\n\t\t\t\t\t\t\t\t\t\t<\/div>\n\t\t\t\t\t\t\t\t\t\t<div class=\"col-des\">\n\t\t\t\t\t\t\t\t\t\t\t<div class=\"caption\">\n\t\t\t\t\t\t\t\t\t\t\t\t\t\t\t\t\t\t\t\t\t\t\t\t<p class=\"manufacture-product\">\n\t\t\t\t\t\t\t\t\t\t\t\t\t<a href=\"https:\/\/cskotomotiv.com\/index.php?route=product\/manufacturer\/info&amp;manufacturer_id=7\">SANDEN<\/a>\n\t\t\t\t\t\t\t\t\t\t\t\t<\/p>\n\t\t\t\t\t\t\t\t\t\t\t\t          \t\t\t\t\t\t\t\t\n\t\t\t\t\t\t\t\t\t\t\t\t\t\t\t\t\t\t\t\t\t\t\t\t<h4 class=\"product-name\"><a href=\"https:\/\/cskotomotiv.com\/kompresor?product_id=198\">Renault Kangoo 1.5 dCi Klima Kompres\u00f6r\u00fc | 2019\u2192 Uyumlu \u2013 6PK, 12V<\/a><\/h4>\n\t\t\t\t\t\t\t\t\t\t\t\t\n\t\t\t\t\t\t\t\t\t\t\t\t\t\n\t\t\t\t\t\t\t\t\t\t\t\t<div class=\"price-box\">\n  <p class=\"price\">Bilgi Al\u0131n\u0131z<\/p>\n<\/div>\n\n\t\t\t\t\t\t\t\t\t\t\t\t<div class=\"product-des\">Renault Kangoo 1.5 dCi (2019 ve sonras\u0131) modelleri i\u00e7in \u00f6zel olarak tasarlanm\u0131\u015f klima kompres\u00f6r\u00fc. 6PK kay\u0131\u015f tipine sahip bu kompres\u00f6r, 12V sistemle \u00e7al\u0131\u015f\u0131r ve y\u00fcksek verimli so\u011futm..<\/div>\n\t\t\t\t\t\t\t\t\t\t\t\t\t\t\t\t\t\t\t\t\t\t<\/div>\n\t\t\t\t\t\t\t\t\t\t<\/div>\n\t\t\t\t\t\t\t\t\t<\/div>\n\t\t\t\t\t\t\t\t<\/div>\n\t\t\t\t\t\t\t<\/div>\n\t\t\t\t\t\t\t<script type=\"text\/javascript\">\n\t\t\t\t\t\t\t\t$(document).ready(function() {\n\t\t\t\t\t\t\t\t\t$(\".product-list .item5 .caption\").append($('.product-list .item5 .action-links'));\n\t\t\t\t\t\t\t\t\t$('#grid-view').click(function() {\n\t\t\t\t\t\t\t\t\t\t$(\".item5 .images-container\").append($('.item5 .action-links'));\n\t\t\t\t\t\t\t\t\t});\n\t\t\t\t\t\t\t\t\t$('#list-view').click(function() {\n\t\t\t\t\t\t\t\t\t\t$(\".item5 .caption\").append($('.item5 .action-links'));\n\t\t\t\t\t\t\t\t\t});\n\t\t\t\t\t\t\t\t});\n\t\t\t\t\t\t\t<\/script>\n\t\t\t\t\t\t<\/div>\n\t\t\t\t\t\t\t\t\t\t\t\t\t\t\t\t\t\t<div class=\"product-layout product-list\">\n\t\t\t\t\t\t\t<div class=\"product-thumb\">\n\t\t\t\t\t\t\t\t<div class=\"item item6\">\n\t\t\t\t\t\t\t\t\t<div class=\"item-inner\">\t\t\n\t\t\t\t\t\t\t\t\t\t<div class=\"col-image\">\n\t\t\t\t\t\t\t\t\t\t\t<div class=\"image images-container\">\n\t\t\t\t\t\t\t\t\t\t\t\t<a href=\"https:\/\/cskotomotiv.com\/kompresor?product_id=210\" class=\"product-image\">\n\t\t\t\t\t\t\t\t\t\t\t\t\t<img src=\"https:\/\/cskotomotiv.com\/image\/cache\/catalog\/Foto\/VALEO%20813339-600x600.png\" alt=\"Renault Koleos 2.0 dCi Klima Kompres\u00f6r\u00fc | 115mm \u2013 7PK \u2013 12V\" title=\"Renault Koleos 2.0 dCi Klima Kompres\u00f6r\u00fc | 115mm \u2013 7PK \u2013 12V\" class=\"img-responsive\" \/>\n\t\t\t\t\t\t\t\t\t\t\t\t\t\t\t\t\t\t\t\t\t\t\t\t\t<\/a>\n\t\t\t\t\t\t\t\t\t\t\t\t\t\t\t\t\t\t\t\t\t\t\t\t\t\t\t\t\t\t\t\t\t\t\t\t<div class=\"action-links\">\n\t\t\t\t\t\t\t\t\t\t\t\t\t<button class=\"button btn-wishlist\" type=\"button\"  title=\"Al\u0131\u015fveri\u015f Listeme Ekle\" onclick=\"wishlist.add('210');\"><span>Al\u0131\u015fveri\u015f Listeme Ekle<\/span><\/button>\n\t\t\t\t\t\t\t\t\t\t\t\t\t<button class=\"button btn-compare\" type=\"button\"  title=\"Kar\u015f\u0131la\u015ft\u0131rma listesine ekle\" onclick=\"compare.add('210');\"><span>Kar\u015f\u0131la\u015ft\u0131rma listesine ekle<\/span><\/button>\n\t\t\t\t\t\t\t\t\t\t\t\t\t<button class=\"button btn-quickview\" type=\"button\"  title=\"\" onclick=\"ocquickview.ajaxView('https:\/\/cskotomotiv.com\/kompresor?product_id=210')\"><span><\/span><\/button>\n\t\t\t\t\t\t\t\t\t\t\t\t<\/div>\n\t\t\t\t\t\t\t\t\t\t\t<\/div>\n\t\t\t\t\t\t\t\t\t\t<\/div>\n\t\t\t\t\t\t\t\t\t\t<div class=\"col-des\">\n\t\t\t\t\t\t\t\t\t\t\t<div class=\"caption\">\n\t\t\t\t\t\t\t\t\t\t\t\t\t\t\t\t\t\t\t\t\t\t\t\t<p class=\"manufacture-product\">\n\t\t\t\t\t\t\t\t\t\t\t\t\t<a href=\"https:\/\/cskotomotiv.com\/index.php?route=product\/manufacturer\/info&amp;manufacturer_id=9\">VALEO<\/a>\n\t\t\t\t\t\t\t\t\t\t\t\t<\/p>\n\t\t\t\t\t\t\t\t\t\t\t\t          \t\t\t\t\t\t\t\t\n\t\t\t\t\t\t\t\t\t\t\t\t\t\t\t\t\t\t\t\t\t\t\t\t<h4 class=\"product-name\"><a href=\"https:\/\/cskotomotiv.com\/kompresor?product_id=210\">Renault Koleos 2.0 dCi Klima Kompres\u00f6r\u00fc | 115mm \u2013 7PK \u2013 12V<\/a><\/h4>\n\t\t\t\t\t\t\t\t\t\t\t\t\n\t\t\t\t\t\t\t\t\t\t\t\t\t\n\t\t\t\t\t\t\t\t\t\t\t\t<div class=\"price-box\">\n  <p class=\"price\">Bilgi Al\u0131n\u0131z<\/p>\n<\/div>\n\n\t\t\t\t\t\t\t\t\t\t\t\t<div class=\"product-des\">Renault Koleos 2.0 dCi (2008 ve sonras\u0131) modelleriyle uyumlu bu klima kompres\u00f6r\u00fc, OEM kalite standartlar\u0131na g\u00f6re \u00fcretilmi\u015ftir. 115mm kasnak \u00e7ap\u0131na ve 7PK kay\u0131\u015f tipine sahiptir. 12V..<\/div>\n\t\t\t\t\t\t\t\t\t\t\t\t\t\t\t\t\t\t\t\t\t\t<\/div>\n\t\t\t\t\t\t\t\t\t\t<\/div>\n\t\t\t\t\t\t\t\t\t<\/div>\n\t\t\t\t\t\t\t\t<\/div>\n\t\t\t\t\t\t\t<\/div>\n\t\t\t\t\t\t\t<script type=\"text\/javascript\">\n\t\t\t\t\t\t\t\t$(document).ready(function() {\n\t\t\t\t\t\t\t\t\t$(\".product-list .item6 .caption\").append($('.product-list .item6 .action-links'));\n\t\t\t\t\t\t\t\t\t$('#grid-view').click(function() {\n\t\t\t\t\t\t\t\t\t\t$(\".item6 .images-container\").append($('.item6 .action-links'));\n\t\t\t\t\t\t\t\t\t});\n\t\t\t\t\t\t\t\t\t$('#list-view').click(function() {\n\t\t\t\t\t\t\t\t\t\t$(\".item6 .caption\").append($('.item6 .action-links'));\n\t\t\t\t\t\t\t\t\t});\n\t\t\t\t\t\t\t\t});\n\t\t\t\t\t\t\t<\/script>\n\t\t\t\t\t\t<\/div>\n\t\t\t\t\t\t\t\t\t\t\t\t\t\t\t\t\t\t<div class=\"product-layout product-list\">\n\t\t\t\t\t\t\t<div class=\"product-thumb\">\n\t\t\t\t\t\t\t\t<div class=\"item item7\">\n\t\t\t\t\t\t\t\t\t<div class=\"item-inner\">\t\t\n\t\t\t\t\t\t\t\t\t\t<div class=\"col-image\">\n\t\t\t\t\t\t\t\t\t\t\t<div class=\"image images-container\">\n\t\t\t\t\t\t\t\t\t\t\t\t<a href=\"https:\/\/cskotomotiv.com\/kompresor?product_id=154\" class=\"product-image\">\n\t\t\t\t\t\t\t\t\t\t\t\t\t<img src=\"https:\/\/cskotomotiv.com\/image\/cache\/catalog\/Foto\/DENSO%20DCP23030-600x600.jpg\" alt=\"Renault Megane III - Scenic III Klima Kompres\u00f6r\u00fc (DCP23030) 6PK 125mm 12V\" title=\"Renault Megane III - Scenic III Klima Kompres\u00f6r\u00fc (DCP23030) 6PK 125mm 12V\" class=\"img-responsive\" \/>\n\t\t\t\t\t\t\t\t\t\t\t\t\t\t\t\t\t\t\t\t\t\t\t\t\t<\/a>\n\t\t\t\t\t\t\t\t\t\t\t\t\t\t\t\t\t\t\t\t\t\t\t\t\t\t\t\t\t\t\t\t\t\t\t\t<div class=\"action-links\">\n\t\t\t\t\t\t\t\t\t\t\t\t\t<button class=\"button btn-wishlist\" type=\"button\"  title=\"Al\u0131\u015fveri\u015f Listeme Ekle\" onclick=\"wishlist.add('154');\"><span>Al\u0131\u015fveri\u015f Listeme Ekle<\/span><\/button>\n\t\t\t\t\t\t\t\t\t\t\t\t\t<button class=\"button btn-compare\" type=\"button\"  title=\"Kar\u015f\u0131la\u015ft\u0131rma listesine ekle\" onclick=\"compare.add('154');\"><span>Kar\u015f\u0131la\u015ft\u0131rma listesine ekle<\/span><\/button>\n\t\t\t\t\t\t\t\t\t\t\t\t\t<button class=\"button btn-quickview\" type=\"button\"  title=\"\" onclick=\"ocquickview.ajaxView('https:\/\/cskotomotiv.com\/kompresor?product_id=154')\"><span><\/span><\/button>\n\t\t\t\t\t\t\t\t\t\t\t\t<\/div>\n\t\t\t\t\t\t\t\t\t\t\t<\/div>\n\t\t\t\t\t\t\t\t\t\t<\/div>\n\t\t\t\t\t\t\t\t\t\t<div class=\"col-des\">\n\t\t\t\t\t\t\t\t\t\t\t<div class=\"caption\">\n\t\t\t\t\t\t\t\t\t\t\t\t\t\t\t\t\t\t\t\t\t\t\t\t<p class=\"manufacture-product\">\n\t\t\t\t\t\t\t\t\t\t\t\t\t<a href=\"https:\/\/cskotomotiv.com\/index.php?route=product\/manufacturer\/info&amp;manufacturer_id=10\">DENSO<\/a>\n\t\t\t\t\t\t\t\t\t\t\t\t<\/p>\n\t\t\t\t\t\t\t\t\t\t\t\t          \t\t\t\t\t\t\t\t\n\t\t\t\t\t\t\t\t\t\t\t\t\t\t\t\t\t\t\t\t\t\t\t\t<h4 class=\"product-name\"><a href=\"https:\/\/cskotomotiv.com\/kompresor?product_id=154\">Renault Megane III - Scenic III Klima Kompres\u00f6r\u00fc (DCP23030) 6PK 125mm 12V<\/a><\/h4>\n\t\t\t\t\t\t\t\t\t\t\t\t\n\t\t\t\t\t\t\t\t\t\t\t\t\t\n\t\t\t\t\t\t\t\t\t\t\t\t<div class=\"price-box\">\n  <p class=\"price\">Bilgi Al\u0131n\u0131z<\/p>\n<\/div>\n\n\t\t\t\t\t\t\t\t\t\t\t\t<div class=\"product-des\">Renault Megane 3 ve Scenic 3 modelleriyle uyumlu DCP23030 kodlu klima kompres\u00f6r\u00fc. 6PK kay\u0131\u015f tipi, 125mm kasnak \u00e7ap\u0131 ve 12V elektrik sistemi ile y\u00fcksek so\u011futma verimlili\u011fi sa\u011flar. K..<\/div>\n\t\t\t\t\t\t\t\t\t\t\t\t\t\t\t\t\t\t\t\t\t\t<\/div>\n\t\t\t\t\t\t\t\t\t\t<\/div>\n\t\t\t\t\t\t\t\t\t<\/div>\n\t\t\t\t\t\t\t\t<\/div>\n\t\t\t\t\t\t\t<\/div>\n\t\t\t\t\t\t\t<script type=\"text\/javascript\">\n\t\t\t\t\t\t\t\t$(document).ready(function() {\n\t\t\t\t\t\t\t\t\t$(\".product-list .item7 .caption\").append($('.product-list .item7 .action-links'));\n\t\t\t\t\t\t\t\t\t$('#grid-view').click(function() {\n\t\t\t\t\t\t\t\t\t\t$(\".item7 .images-container\").append($('.item7 .action-links'));\n\t\t\t\t\t\t\t\t\t});\n\t\t\t\t\t\t\t\t\t$('#list-view').click(function() {\n\t\t\t\t\t\t\t\t\t\t$(\".item7 .caption\").append($('.item7 .action-links'));\n\t\t\t\t\t\t\t\t\t});\n\t\t\t\t\t\t\t\t});\n\t\t\t\t\t\t\t<\/script>\n\t\t\t\t\t\t<\/div>\n\t\t\t\t\t\t\t\t\t\t\t\t\t\t\t\t\t\t<div class=\"product-layout product-list\">\n\t\t\t\t\t\t\t<div class=\"product-thumb\">\n\t\t\t\t\t\t\t\t<div class=\"item item8\">\n\t\t\t\t\t\t\t\t\t<div class=\"item-inner\">\t\t\n\t\t\t\t\t\t\t\t\t\t<div class=\"col-image\">\n\t\t\t\t\t\t\t\t\t\t\t<div class=\"image images-container\">\n\t\t\t\t\t\t\t\t\t\t\t\t<a href=\"https:\/\/cskotomotiv.com\/kompresor?product_id=208\" class=\"product-image\">\n\t\t\t\t\t\t\t\t\t\t\t\t\t<img src=\"https:\/\/cskotomotiv.com\/image\/cache\/catalog\/Foto\/VALEO%20813263-600x600.png\" alt=\"Renault Megane III - Scenic III Klima Kompres\u00f6r\u00fc | 115mm \u2013 6PK \u2013 12V\" title=\"Renault Megane III - Scenic III Klima Kompres\u00f6r\u00fc | 115mm \u2013 6PK \u2013 12V\" class=\"img-responsive\" \/>\n\t\t\t\t\t\t\t\t\t\t\t\t\t\t\t\t\t\t\t\t\t\t\t\t\t<\/a>\n\t\t\t\t\t\t\t\t\t\t\t\t\t\t\t\t\t\t\t\t\t\t\t\t\t\t\t\t\t\t\t\t\t\t\t\t<div class=\"action-links\">\n\t\t\t\t\t\t\t\t\t\t\t\t\t<button class=\"button btn-wishlist\" type=\"button\"  title=\"Al\u0131\u015fveri\u015f Listeme Ekle\" onclick=\"wishlist.add('208');\"><span>Al\u0131\u015fveri\u015f Listeme Ekle<\/span><\/button>\n\t\t\t\t\t\t\t\t\t\t\t\t\t<button class=\"button btn-compare\" type=\"button\"  title=\"Kar\u015f\u0131la\u015ft\u0131rma listesine ekle\" onclick=\"compare.add('208');\"><span>Kar\u015f\u0131la\u015ft\u0131rma listesine ekle<\/span><\/button>\n\t\t\t\t\t\t\t\t\t\t\t\t\t<button class=\"button btn-quickview\" type=\"button\"  title=\"\" onclick=\"ocquickview.ajaxView('https:\/\/cskotomotiv.com\/kompresor?product_id=208')\"><span><\/span><\/button>\n\t\t\t\t\t\t\t\t\t\t\t\t<\/div>\n\t\t\t\t\t\t\t\t\t\t\t<\/div>\n\t\t\t\t\t\t\t\t\t\t<\/div>\n\t\t\t\t\t\t\t\t\t\t<div class=\"col-des\">\n\t\t\t\t\t\t\t\t\t\t\t<div class=\"caption\">\n\t\t\t\t\t\t\t\t\t\t\t\t\t\t\t\t\t\t\t\t\t\t\t\t<p class=\"manufacture-product\">\n\t\t\t\t\t\t\t\t\t\t\t\t\t<a href=\"https:\/\/cskotomotiv.com\/index.php?route=product\/manufacturer\/info&amp;manufacturer_id=9\">VALEO<\/a>\n\t\t\t\t\t\t\t\t\t\t\t\t<\/p>\n\t\t\t\t\t\t\t\t\t\t\t\t          \t\t\t\t\t\t\t\t\n\t\t\t\t\t\t\t\t\t\t\t\t\t\t\t\t\t\t\t\t\t\t\t\t<h4 class=\"product-name\"><a href=\"https:\/\/cskotomotiv.com\/kompresor?product_id=208\">Renault Megane III - Scenic III Klima Kompres\u00f6r\u00fc | 115mm \u2013 6PK \u2013 12V<\/a><\/h4>\n\t\t\t\t\t\t\t\t\t\t\t\t\n\t\t\t\t\t\t\t\t\t\t\t\t\t\n\t\t\t\t\t\t\t\t\t\t\t\t<div class=\"price-box\">\n  <p class=\"price\">Bilgi Al\u0131n\u0131z<\/p>\n<\/div>\n\n\t\t\t\t\t\t\t\t\t\t\t\t<div class=\"product-des\">Renault Megane III ve Scenic III modelleri i\u00e7in \u00f6zel olarak tasarlanm\u0131\u015f klima kompres\u00f6r\u00fcd\u00fcr. 115mm kasnak \u00e7ap\u0131, 6PK kay\u0131\u015f tipi ve 12V elektrik sistemiyle \u00e7al\u0131\u015f\u0131r. OEM kalite standa..<\/div>\n\t\t\t\t\t\t\t\t\t\t\t\t\t\t\t\t\t\t\t\t\t\t<\/div>\n\t\t\t\t\t\t\t\t\t\t<\/div>\n\t\t\t\t\t\t\t\t\t<\/div>\n\t\t\t\t\t\t\t\t<\/div>\n\t\t\t\t\t\t\t<\/div>\n\t\t\t\t\t\t\t<script type=\"text\/javascript\">\n\t\t\t\t\t\t\t\t$(document).ready(function() {\n\t\t\t\t\t\t\t\t\t$(\".product-list .item8 .caption\").append($('.product-list .item8 .action-links'));\n\t\t\t\t\t\t\t\t\t$('#grid-view').click(function() {\n\t\t\t\t\t\t\t\t\t\t$(\".item8 .images-container\").append($('.item8 .action-links'));\n\t\t\t\t\t\t\t\t\t});\n\t\t\t\t\t\t\t\t\t$('#list-view').click(function() {\n\t\t\t\t\t\t\t\t\t\t$(\".item8 .caption\").append($('.item8 .action-links'));\n\t\t\t\t\t\t\t\t\t});\n\t\t\t\t\t\t\t\t});\n\t\t\t\t\t\t\t<\/script>\n\t\t\t\t\t\t<\/div>\n\t\t\t\t\t\t\t\t\t\t\t\t\t\t\t\t\t\t<div class=\"product-layout product-list\">\n\t\t\t\t\t\t\t<div class=\"product-thumb\">\n\t\t\t\t\t\t\t\t<div class=\"item item9\">\n\t\t\t\t\t\t\t\t\t<div class=\"item-inner\">\t\t\n\t\t\t\t\t\t\t\t\t\t<div class=\"col-image\">\n\t\t\t\t\t\t\t\t\t\t\t<div class=\"image images-container\">\n\t\t\t\t\t\t\t\t\t\t\t\t<a href=\"https:\/\/cskotomotiv.com\/kompresor?product_id=168\" class=\"product-image\">\n\t\t\t\t\t\t\t\t\t\t\t\t\t<img src=\"https:\/\/cskotomotiv.com\/image\/cache\/catalog\/Foto\/SANDEN%201762-600x600.jpeg\" alt=\"Renault Megane IV 1.5 DCI - Kadjar - Fluence Klima Kompres\u00f6r\u00fc\" title=\"Renault Megane IV 1.5 DCI - Kadjar - Fluence Klima Kompres\u00f6r\u00fc\" class=\"img-responsive\" \/>\n\t\t\t\t\t\t\t\t\t\t\t\t\t\t\t\t\t\t\t\t\t\t\t\t\t<\/a>\n\t\t\t\t\t\t\t\t\t\t\t\t\t\t\t\t\t\t\t\t\t\t\t\t\t\t\t\t\t\t\t\t\t\t\t\t<div class=\"action-links\">\n\t\t\t\t\t\t\t\t\t\t\t\t\t<button class=\"button btn-wishlist\" type=\"button\"  title=\"Al\u0131\u015fveri\u015f Listeme Ekle\" onclick=\"wishlist.add('168');\"><span>Al\u0131\u015fveri\u015f Listeme Ekle<\/span><\/button>\n\t\t\t\t\t\t\t\t\t\t\t\t\t<button class=\"button btn-compare\" type=\"button\"  title=\"Kar\u015f\u0131la\u015ft\u0131rma listesine ekle\" onclick=\"compare.add('168');\"><span>Kar\u015f\u0131la\u015ft\u0131rma listesine ekle<\/span><\/button>\n\t\t\t\t\t\t\t\t\t\t\t\t\t<button class=\"button btn-quickview\" type=\"button\"  title=\"\" onclick=\"ocquickview.ajaxView('https:\/\/cskotomotiv.com\/kompresor?product_id=168')\"><span><\/span><\/button>\n\t\t\t\t\t\t\t\t\t\t\t\t<\/div>\n\t\t\t\t\t\t\t\t\t\t\t<\/div>\n\t\t\t\t\t\t\t\t\t\t<\/div>\n\t\t\t\t\t\t\t\t\t\t<div class=\"col-des\">\n\t\t\t\t\t\t\t\t\t\t\t<div class=\"caption\">\n\t\t\t\t\t\t\t\t\t\t\t\t\t\t\t\t\t\t\t\t\t\t\t\t<p class=\"manufacture-product\">\n\t\t\t\t\t\t\t\t\t\t\t\t\t<a href=\"https:\/\/cskotomotiv.com\/index.php?route=product\/manufacturer\/info&amp;manufacturer_id=7\">SANDEN<\/a>\n\t\t\t\t\t\t\t\t\t\t\t\t<\/p>\n\t\t\t\t\t\t\t\t\t\t\t\t          \t\t\t\t\t\t\t\t\n\t\t\t\t\t\t\t\t\t\t\t\t\t\t\t\t\t\t\t\t\t\t\t\t<h4 class=\"product-name\"><a href=\"https:\/\/cskotomotiv.com\/kompresor?product_id=168\">Renault Megane IV 1.5 DCI - Kadjar - Fluence Klima Kompres\u00f6r\u00fc<\/a><\/h4>\n\t\t\t\t\t\t\t\t\t\t\t\t\n\t\t\t\t\t\t\t\t\t\t\t\t\t\n\t\t\t\t\t\t\t\t\t\t\t\t<div class=\"price-box\">\n  <p class=\"price\">Bilgi Al\u0131n\u0131z<\/p>\n<\/div>\n\n\t\t\t\t\t\t\t\t\t\t\t\t<div class=\"product-des\">Renault Megane IV 1.5 DCI (2015 ve sonras\u0131), Kadjar ve Fluence modelleriyle uyumlu klima kompres\u00f6r\u00fc. Y\u00fcksek so\u011futma performans\u0131 ve dayan\u0131kl\u0131l\u0131\u011f\u0131yla \u00f6ne \u00e7\u0131kan bu \u00fcr\u00fcn, yaz aylar\u0131nda..<\/div>\n\t\t\t\t\t\t\t\t\t\t\t\t\t\t\t\t\t\t\t\t\t\t<\/div>\n\t\t\t\t\t\t\t\t\t\t<\/div>\n\t\t\t\t\t\t\t\t\t<\/div>\n\t\t\t\t\t\t\t\t<\/div>\n\t\t\t\t\t\t\t<\/div>\n\t\t\t\t\t\t\t<script type=\"text\/javascript\">\n\t\t\t\t\t\t\t\t$(document).ready(function() {\n\t\t\t\t\t\t\t\t\t$(\".product-list .item9 .caption\").append($('.product-list .item9 .action-links'));\n\t\t\t\t\t\t\t\t\t$('#grid-view').click(function() {\n\t\t\t\t\t\t\t\t\t\t$(\".item9 .images-container\").append($('.item9 .action-links'));\n\t\t\t\t\t\t\t\t\t});\n\t\t\t\t\t\t\t\t\t$('#list-view').click(function() {\n\t\t\t\t\t\t\t\t\t\t$(\".item9 .caption\").append($('.item9 .action-links'));\n\t\t\t\t\t\t\t\t\t});\n\t\t\t\t\t\t\t\t});\n\t\t\t\t\t\t\t<\/script>\n\t\t\t\t\t\t<\/div>\n\t\t\t\t\t\t\t\t\t\t\t\t\t\t\t\t\t<\/div>\n                <\/div>\n                <div class=\"toolbar toolbar-products toolbar-bottom\">\n                    <div class=\"toolbar-amount\"><span>G\u00f6sterilen: 73 ile 81 aras\u0131, toplam: 96 (11 Sayfa)<\/span><\/div>\n\t\t\t\t\t<div class=\"pages\"><ul class=\"pagination\"><li><a href=\"https:\/\/cskotomotiv.com\/index.php?route=product\/category&path=299\">|&lt;<\/a><\/li><li><a href=\"https:\/\/cskotomotiv.com\/index.php?route=product\/category&path=299&amp;page=8\">&lt;<\/a><\/li><li><a href=\"https:\/\/cskotomotiv.com\/index.php?route=product\/category&path=299&amp;page=3\">3<\/a><\/li><li><a href=\"https:\/\/cskotomotiv.com\/index.php?route=product\/category&path=299&amp;page=4\">4<\/a><\/li><li><a href=\"https:\/\/cskotomotiv.com\/index.php?route=product\/category&path=299&amp;page=5\">5<\/a><\/li><li><a href=\"https:\/\/cskotomotiv.com\/index.php?route=product\/category&path=299&amp;page=6\">6<\/a><\/li><li><a href=\"https:\/\/cskotomotiv.com\/index.php?route=product\/category&path=299&amp;page=7\">7<\/a><\/li><li><a href=\"https:\/\/cskotomotiv.com\/index.php?route=product\/category&path=299&amp;page=8\">8<\/a><\/li><li class=\"active\"><span>9<\/span><\/li><li><a href=\"https:\/\/cskotomotiv.com\/index.php?route=product\/category&path=299&amp;page=10\">10<\/a><\/li><li><a href=\"https:\/\/cskotomotiv.com\/index.php?route=product\/category&path=299&amp;page=11\">11<\/a><\/li><li><a href=\"https:\/\/cskotomotiv.com\/index.php?route=product\/category&path=299&amp;page=10\">&gt;<\/a><\/li><li><a href=\"https:\/\/cskotomotiv.com\/index.php?route=product\/category&path=299&amp;page=11\">&gt;|<\/a><\/li><\/ul><\/div>\n                <\/div>\n                                            <\/div>\n            <\/div>\n        <\/div><\/div>\n<\/div>\n<script type=\"text\/javascript\">\n$('body').addClass('product-category');\n<\/script>\n","filter_action":"https:\/\/cskotomotiv.com\/index.php?route=extension\/module\/oclayerednavigation\/category&path=299","price_action":"https:\/\/cskotomotiv.com\/index.php?route=extension\/module\/oclayerednavigation\/category&path=299","layered_html":"<div class=\"list-group\">\n    <div class=\"filter-attribute-container filter-attribute-remove-container\">\n                            <\/div>\n    <div class=\"filter-attribute-container\">\n        <label>Price<\/label>\n        <div class=\"list-group-item\">\n            <div class=\"filter-price\">\n                <div id=\"slider-price\"><\/div>\n                <div class=\"slider-values\">\n                    <span><\/span>\n                    <input id=\"price-from\" disabled=\"disabled\" class=\"input-price\" type=\"text\" value=\"0\" placeholder=\"Min\" name=\"price-from\"\/>\n                    <span>\u20ba<\/span> -\n                    <span><\/span>\n                    <input id=\"price-to\" disabled=\"disabled\" class=\"input-price\" type=\"text\" value=\"999\" placeholder=\"Max\" name=\"price-to\" \/>\n                    <span>\u20ba<\/span>\n                <\/div>\n            <\/div>\n        <\/div>\n    <\/div>\n    <\/div>\n"}